{"id":5037,"date":"2025-06-28T12:20:00","date_gmt":"2025-06-28T10:20:00","guid":{"rendered":"https:\/\/safundacio.es\/?p=5037"},"modified":"2025-06-30T11:42:56","modified_gmt":"2025-06-30T09:42:56","slug":"sa-fundacio-trasllada-a-ib3-sa-importancia-de-mantenir-sa-nostra-manera-de-xerrar","status":"publish","type":"post","link":"https:\/\/safundacio.es\/es\/comunicacio\/sa-fundacio-trasllada-a-ib3-sa-importancia-de-mantenir-sa-nostra-manera-de-xerrar\/","title":{"rendered":"Sa Fundaci\u00f3 trasllada a IB3 sa import\u00e0ncia de mantenir sa nostra manera de xerrar"},"content":{"rendered":"\n<p class=\"has-text-align-center\"><em>Una delegaci\u00f3 de Sa Fundaci\u00f3 Jaume III s\u2019ha reunit amb es nou director general d\u2019IB3, Josep M. Codony, per traslladar-li una reivindicaci\u00f3 fonamental: que es mitj\u00e0 de comunicaci\u00f3 p\u00fablic reflectesqui sa realitat ling\u00fc\u00edstica de Balears emprant es l\u00e8xic tradicional i normatiu propi des territori.<\/em><\/p>\n\n\n\n<p>Durant sa reuni\u00f3, s\u2019ha posat damunt sa taula una mostra significativa de mots i expressions aut\u00e8nticament balears, plenament acceptats per sa normativa de s\u2019Institut d\u2019Estudis Catalans, per\u00f2 que, incomprensiblement, amb freq\u00fc\u00e8ncia s\u00f3n substitu\u00efts per formes que no s\u00f3n nostres. Aquesta substituci\u00f3 sistem\u00e0tica no nom\u00e9s suposa un empobriment ling\u00fc\u00edstic, sin\u00f3 tamb\u00e9 una ruptura amb sa identitat cultural i patrimonial de Balears.<\/p>\n\n\n\n<p>Sa Fundaci\u00f3 ha recordat que sa diversitat ling\u00fc\u00edstica no \u00e9s cap obstacle, sin\u00f3 una riquesa que ha de ser visibilitzada i fomentada, especialment des des mitjans p\u00fablics, que tenen sa responsabilitat de contribuir a sa normalitzaci\u00f3 social de totes ses varietats territorials de sa llengua balear. \u00c9s inadmissible que sa forma de xerrar genu\u00efna de Balears continu\u00ef essent invisibilitzada.<\/p>\n\n\n\n<p>A m\u00e9s, s\u2019ha remarcat que es model ling\u00fc\u00edstic ha de ser plural i arrelat an es territori, d\u2019acord amb es principis de sa socioling\u00fc\u00edstica moderna i ses recomanacions d\u2019organismes cient\u00edfics i ling\u00fc\u00edstics. S\u2019\u00fas des balear en contextos formals i audiovisuals no nom\u00e9s \u00e9s leg\u00edtim, sin\u00f3 necessari per garantir sa continu\u00eftat i prestigi de sa llengua pr\u00f2pia.<\/p>\n\n\n\n<p>Sa Fundaci\u00f3 agraeix sa predisposici\u00f3 i es respecte des senyor Codony durant sa trobada, i manifesta sa seva confian\u00e7a que aquest sigui es primer pas cap a una pres\u00e8ncia real i coherent des balear en es mitjans p\u00fablics, com a eina essencial de normalitzaci\u00f3, representaci\u00f3 i cohesi\u00f3 social.<\/p>\n\n\n\n<p class=\"has-text-align-right\">Palma, 26 de juny de 2025<\/p>\n","protected":false},"excerpt":{"rendered":"<p>Una delegaci\u00f3 de Sa Fundaci\u00f3 Jaume III s\u2019ha reunit amb es nou director general d\u2019IB3, Josep M. Codony, per traslladar-li una reivindicaci\u00f3 fonamental: que es mitj\u00e0 de comunicaci\u00f3 p\u00fablic reflectesqui sa realitat ling\u00fc\u00edstica de Balears emprant es l\u00e8xic tradicional i normatiu propi des territori. Durant sa reuni\u00f3, s\u2019ha posat damunt sa taula una mostra significativa &hellip; <\/p>\n<p class=\"link-more\"><a href=\"https:\/\/safundacio.es\/es\/comunicacio\/sa-fundacio-trasllada-a-ib3-sa-importancia-de-mantenir-sa-nostra-manera-de-xerrar\/\" class=\"more-link\">Continue reading<span class=\"screen-reader-text\"> &#8220;Sa Fundaci\u00f3 trasllada a IB3 sa import\u00e0ncia de mantenir sa nostra manera de xerrar&#8221;<\/span><\/a><\/p>\n","protected":false},"author":6,"featured_media":5045,"comment_status":"open","ping_status":"open","sticky":false,"template":"","format":"standard","meta":{"footnotes":""},"categories":[18,19,24],"tags":[119],"class_list":["post-5037","post","type-post","status-publish","format-standard","has-post-thumbnail","hentry","category-comunicacio","category-noticies","category-premsa","tag-culturabalear"],"_links":{"self":[{"href":"https:\/\/safundacio.es\/es\/wp-json\/wp\/v2\/posts\/5037"}],"collection":[{"href":"https:\/\/safundacio.es\/es\/wp-json\/wp\/v2\/posts"}],"about":[{"href":"https:\/\/safundacio.es\/es\/wp-json\/wp\/v2\/types\/post"}],"author":[{"embeddable":true,"href":"https:\/\/safundacio.es\/es\/wp-json\/wp\/v2\/users\/6"}],"replies":[{"embeddable":true,"href":"https:\/\/safundacio.es\/es\/wp-json\/wp\/v2\/comments?post=5037"}],"version-history":[{"count":2,"href":"https:\/\/safundacio.es\/es\/wp-json\/wp\/v2\/posts\/5037\/revisions"}],"predecessor-version":[{"id":5043,"href":"https:\/\/safundacio.es\/es\/wp-json\/wp\/v2\/posts\/5037\/revisions\/5043"}],"wp:featuredmedia":[{"embeddable":true,"href":"https:\/\/safundacio.es\/es\/wp-json\/wp\/v2\/media\/5045"}],"wp:attachment":[{"href":"https:\/\/safundacio.es\/es\/wp-json\/wp\/v2\/media?parent=5037"}],"wp:term":[{"taxonomy":"category","embeddable":true,"href":"https:\/\/safundacio.es\/es\/wp-json\/wp\/v2\/categories?post=5037"},{"taxonomy":"post_tag","embeddable":true,"href":"https:\/\/safundacio.es\/es\/wp-json\/wp\/v2\/tags?post=5037"}],"curies":[{"name":"wp","href":"https:\/\/api.w.org\/{rel}","templated":true}]}}