{"id":5034,"date":"2025-06-24T14:07:30","date_gmt":"2025-06-24T12:07:30","guid":{"rendered":"https:\/\/safundacio.es\/?p=5034"},"modified":"2025-06-29T09:04:32","modified_gmt":"2025-06-29T07:04:32","slug":"sa-fundacio-valora-positivament-sa-proposta-per-promoure-ses-modalitats-linguistiques-de-ses-balears","status":"publish","type":"post","link":"https:\/\/safundacio.es\/es\/comunicacio\/sa-fundacio-valora-positivament-sa-proposta-per-promoure-ses-modalitats-linguistiques-de-ses-balears\/","title":{"rendered":"Sa Fundaci\u00f3 valora positivament sa proposta per promoure ses modalitats ling\u00fc\u00edstiques de Balears"},"content":{"rendered":"\n<p>Sa Fundaci\u00f3, entitat cultural nascuda es 2013 amb es ferm comprom\u00eds de defensar sa llengua i cultura pr\u00f2pies de ses Illes Balears, vol expressar es seu reconeixement i agra\u00efment per s\u2019esmena presentada per Vox, que contempla una partida de 350.000 euros per sa promoci\u00f3 de ses modalitats ling\u00fc\u00edstiques de Balears (mallorqu\u00ed, menorqu\u00ed i eivissenc).<\/p>\n\n\n\n<p>Aquesta iniciativa representa un pas endavant cap a sa protecci\u00f3 i foment des balear com a llengua pr\u00f2pia de ses nostres illes, i refor\u00e7a es dret des ciutadans a preservar sa seva identitat ling\u00fc\u00edstica i cultural. Aplaudim tamb\u00e9 ses propostes per fer campanyes informatives i enquestes d\u2019opini\u00f3 que donin veu a sa ciutadania en temes com sa llengua i s\u2019\u00fas real que en fan.<\/p>\n\n\n\n<p>Des de Sa Fundaci\u00f3, volem fer una crida a sa reflexi\u00f3 a aquelles formacions pol\u00edtiques que, durant d\u00e8cades, han insistit en s\u2019imposici\u00f3 des catal\u00e0 est\u00e0ndard dins s\u2019ensenyament i dins s\u2019administraci\u00f3 p\u00fablica. Despr\u00e9s de m\u00e9s de quaranta anys amb aquest model, es resultats s\u00f3n clars: lluny d\u2019enfortir sa llengua, s\u2019ha produ\u00eft una degradaci\u00f3 progressiva des mallorqu\u00ed, menorqu\u00ed i eivissenc, i una davallada significativa de parlants, molts des quals han acabat passant-se al castell\u00e0 com a llengua habitual. Aquesta realitat \u00e9s innegable i mereix una valoraci\u00f3 responsable i autocr\u00edtica. Es model ha fracassat.<\/p>\n\n\n\n<p>Si de veres volem garantir sa superviv\u00e8ncia des balear, \u00e9s urgent que ses nostres modalitats ling\u00fc\u00edstiques tenguin prefer\u00e8ncia i protecci\u00f3 en tots es \u00e0mbits, especialment dins s\u2019educaci\u00f3 i dins s\u2019administraci\u00f3 p\u00fablica. No es pot continuar ignorant sa voluntat des ciutadans ni substituint sa nostra llengua per formes que no corresponen a sa nostra tradici\u00f3 i \u00fas habitual.<\/p>\n\n\n\n<p>Sa Fundaci\u00f3 reitera es seu comprom\u00eds amb sa llengua balear i continuar\u00e0 fent feina perqu\u00e8 ocupi es lloc que li correspon dins sa vida cultural, social i institucional de ses nostres illes.<\/p>\n\n\n\n<p class=\"has-text-align-right\">23\/06\/2025<\/p>\n","protected":false},"excerpt":{"rendered":"<p>Sa Fundaci\u00f3, entitat cultural nascuda es 2013 amb es ferm comprom\u00eds de defensar sa llengua i cultura pr\u00f2pies de ses Illes Balears, vol expressar es seu reconeixement i agra\u00efment per s\u2019esmena presentada per Vox, que contempla una partida de 350.000 euros per sa promoci\u00f3 de ses modalitats ling\u00fc\u00edstiques de Balears (mallorqu\u00ed, menorqu\u00ed i eivissenc). Aquesta &hellip; <\/p>\n<p class=\"link-more\"><a href=\"https:\/\/safundacio.es\/es\/comunicacio\/sa-fundacio-valora-positivament-sa-proposta-per-promoure-ses-modalitats-linguistiques-de-ses-balears\/\" class=\"more-link\">Continue reading<span class=\"screen-reader-text\"> &#8220;Sa Fundaci\u00f3 valora positivament sa proposta per promoure ses modalitats ling\u00fc\u00edstiques de Balears&#8221;<\/span><\/a><\/p>\n","protected":false},"author":6,"featured_media":5036,"comment_status":"open","ping_status":"open","sticky":false,"template":"","format":"standard","meta":{"footnotes":""},"categories":[18,19,24],"tags":[119],"class_list":["post-5034","post","type-post","status-publish","format-standard","has-post-thumbnail","hentry","category-comunicacio","category-noticies","category-premsa","tag-culturabalear"],"_links":{"self":[{"href":"https:\/\/safundacio.es\/es\/wp-json\/wp\/v2\/posts\/5034"}],"collection":[{"href":"https:\/\/safundacio.es\/es\/wp-json\/wp\/v2\/posts"}],"about":[{"href":"https:\/\/safundacio.es\/es\/wp-json\/wp\/v2\/types\/post"}],"author":[{"embeddable":true,"href":"https:\/\/safundacio.es\/es\/wp-json\/wp\/v2\/users\/6"}],"replies":[{"embeddable":true,"href":"https:\/\/safundacio.es\/es\/wp-json\/wp\/v2\/comments?post=5034"}],"version-history":[{"count":2,"href":"https:\/\/safundacio.es\/es\/wp-json\/wp\/v2\/posts\/5034\/revisions"}],"predecessor-version":[{"id":5044,"href":"https:\/\/safundacio.es\/es\/wp-json\/wp\/v2\/posts\/5034\/revisions\/5044"}],"wp:featuredmedia":[{"embeddable":true,"href":"https:\/\/safundacio.es\/es\/wp-json\/wp\/v2\/media\/5036"}],"wp:attachment":[{"href":"https:\/\/safundacio.es\/es\/wp-json\/wp\/v2\/media?parent=5034"}],"wp:term":[{"taxonomy":"category","embeddable":true,"href":"https:\/\/safundacio.es\/es\/wp-json\/wp\/v2\/categories?post=5034"},{"taxonomy":"post_tag","embeddable":true,"href":"https:\/\/safundacio.es\/es\/wp-json\/wp\/v2\/tags?post=5034"}],"curies":[{"name":"wp","href":"https:\/\/api.w.org\/{rel}","templated":true}]}}