{"id":4851,"date":"2021-12-20T09:47:37","date_gmt":"2021-12-20T08:47:37","guid":{"rendered":"https:\/\/safundacio.es\/?p=4851"},"modified":"2021-12-20T09:57:29","modified_gmt":"2021-12-20T08:57:29","slug":"sa-fundacio-presenta-es-llibre-antany-en-menorqui-i-castella","status":"publish","type":"post","link":"https:\/\/safundacio.es\/es\/comunicacio\/sa-fundacio-presenta-es-llibre-antany-en-menorqui-i-castella\/","title":{"rendered":"Sa Fundaci\u00f3 presenta el libro \u201cAntany\u201d en menorqu\u00edn y castellano"},"content":{"rendered":"<p><\/p>\n<p style=\"text-align: center;\"><em>\u201cAntany. Historia, oficios y costumbres de Menorca\u201d se podr\u00e1 comprar en las librer\u00edas de Menorca a partir del pr\u00f3ximo lunes 27 de diciembre<\/em><\/p>\n<p style=\"text-align: justify;\">Sa Fundaci\u00f3 present\u00f3 anteayer Antany. Historia, oficios y costumbres de Menorca, el nuevo libro de Marcos Segu\u00ed Pons. El acto fue presentado por el profesor de Historia y director de Sa Fundaci\u00f3, Joan Pons Torres, quien destac\u00f3 \u201cLa gran aportaci\u00f3n de Marcos Segu\u00ed a la cultura menorquina con la publicaci\u00f3n de una obra capital como Antany\u201d. El v\u00eddeo de la presentaci\u00f3n est\u00e1 disponible en el Facebook de Sa Fundaci\u00f3.<\/p>\n<p><img loading=\"lazy\" decoding=\"async\" class=\"alignnone size-full wp-image-4853\" src=\"https:\/\/safundacio.es\/wp-content\/uploads\/2021\/12\/telegram-cloud-photo-size-4-5906517726896175726-y.jpg\" alt=\"\" width=\"1198\" height=\"1138\" srcset=\"https:\/\/safundacio.es\/wp-content\/uploads\/2021\/12\/telegram-cloud-photo-size-4-5906517726896175726-y.jpg 1198w, https:\/\/safundacio.es\/wp-content\/uploads\/2021\/12\/telegram-cloud-photo-size-4-5906517726896175726-y-300x285.jpg 300w, https:\/\/safundacio.es\/wp-content\/uploads\/2021\/12\/telegram-cloud-photo-size-4-5906517726896175726-y-768x730.jpg 768w, https:\/\/safundacio.es\/wp-content\/uploads\/2021\/12\/telegram-cloud-photo-size-4-5906517726896175726-y-1024x973.jpg 1024w, https:\/\/safundacio.es\/wp-content\/uploads\/2021\/12\/telegram-cloud-photo-size-4-5906517726896175726-y-24x24.jpg 24w, https:\/\/safundacio.es\/wp-content\/uploads\/2021\/12\/telegram-cloud-photo-size-4-5906517726896175726-y-36x34.jpg 36w, https:\/\/safundacio.es\/wp-content\/uploads\/2021\/12\/telegram-cloud-photo-size-4-5906517726896175726-y-48x46.jpg 48w\" sizes=\"(max-width: 767px) 89vw, (max-width: 1000px) 54vw, (max-width: 1071px) 543px, 580px\" \/><\/p>\n<p style=\"text-align: justify;\">Antany es un libro escrito en menorqu\u00edn y castellano sobre la historia, los oficios y costumbres de Menorca. Una obra \u00fanica que recuerda la Menorca m\u00e1s aut\u00e9ntica, las tradiciones y la manera de vivir de los menorquines desde la prehistoria hasta el siglo XX.<\/p>\n<p style=\"text-align: justify;\">Marcos Segu\u00ed Pons (Es Castell, 1938) es Comandante de Artiller\u00eda y autor de obras como Guerra del Protectorado. Menorca en Marruecos y colaborador del MENORCA \u2022 Es Diari donde cada domingo publica un art\u00edculo sobre lo sucedido en Menorca hace cien a\u00f1os atr\u00e1s.<\/p>\n<p style=\"text-align: justify;\">Antany. Historia, oficios y costumbres de Menorca se podr\u00e1 comprar en las librer\u00edas de Menorca a partir del pr\u00f3ximo lunes 27 de diciembre. Tambi\u00e9n se puede reservar ya en Sa Fundaci\u00f3 a trav\u00e9s de llibres@safundacio.es o en el tel\u00e9fono 616 624 355.<\/p>\n<p style=\"text-align: right;\">Mah\u00f3n, 19 de diciembre de 2021<\/p>\n<p style=\"text-align: center; background: white; margin: 0cm 0cm 18.0pt 0cm;\" align=\"center\"><a href=\"https:\/\/safundacio.es\/col-labora\/fer-se-soci\/\"><b><i><span style=\"font-size: 11.5pt; font-family: 'avenir','serif'; color: black;\">Sa Fundaci\u00f3 es una entidad sin \u00e1nimo de lucro creada en 2013 para la defensa y preservaci\u00f3n del mallorqu\u00edn, el menorqu\u00edn y el ibicenco<\/span><\/i><\/b><\/a><em><b><span style=\"font-size: 11.5pt; font-family: 'avenir','serif'; color: #333333;\">.<\/span><\/b><\/em><b><i><span style=\"font-size: 11.5pt; font-family: 'avenir','serif'; color: #333333;\"><br \/>\n<\/span><\/i><\/b><a href=\"https:\/\/safundacio.es\/col-labora\/fer-se-soci\/\"><b><i><span style=\"font-size: 11.5pt; font-family: 'avenir','serif'; color: #222222;\">\u00bfNos ayudas a defender nuestra lengua y cultura balear?<\/span><\/i><\/b><\/a><\/p>\n<p style=\"text-align: center; background: white; margin: 0cm 0cm 18.0pt 0cm;\" align=\"center\"><span style=\"font-size: 11.5pt; font-family: 'avenir','serif'; color: #333333;\">Las donaciones a Sa Fundaci\u00f3 tienen una deducci\u00f3n fiscal del 75% en los primeros 150\u20ac. Si donas 10\u20ac mensuales, \u00a1realmente no te costar\u00e1 ni 2\u20ac!<\/span><\/p>\n<p style=\"text-align: center; background: white; margin: 0cm 0cm 18.0pt 0cm;\" align=\"center\"><span style=\"font-size: 11.5pt; font-family: 'avenir','serif'; color: #333333;\"> <em><span style=\"font-family: 'avenir','serif';\">\u00a0H\u00e1zte socio de Sa Fundaci\u00f3 clicando\u00a0<\/span><\/em><\/span><a href=\"https:\/\/safundacio.es\/col-labora\/fer-se-soci\/\"><i><span style=\"font-size: 11.5pt; font-family: 'avenir','serif'; color: #222222;\">aqu\u00ed<\/span><\/i><\/a><i><span style=\"font-size: 11.5pt; font-family: 'avenir','serif'; color: #333333;\"><br \/>\n<em><span style=\"font-family: 'avenir','serif';\">\u00a0<\/span><\/em><\/span><\/i><a href=\"https:\/\/safundacio.es\/col-labora\/fer-se-soci\/\"><i><span style=\"font-size: 11.5pt; font-family: 'avenir','serif'; color: #222222;\">https:\/\/safundacio.es\/col-labora\/fer-se-soci\/<\/span><\/i><\/a><\/p>\n<pre style=\"text-align: center;\"><\/pre>\n<p>&nbsp;<\/p>","protected":false},"excerpt":{"rendered":"<p>\u201cAntany. Historia, oficios y costumbres de Menorca\u201d se podr\u00e1 comprar en las librer\u00edas de Menorca a partir del pr\u00f3ximo lunes 27 de diciembre Sa Fundaci\u00f3 present\u00f3 anteayer Antany. Historia, oficios y costumbres de Menorca, el nuevo libro de Marcos Segu\u00ed Pons. El acto fue presentado por el profesor de Historia y director de Sa Fundaci\u00f3, &hellip; <\/p>\n<p class=\"link-more\"><a href=\"https:\/\/safundacio.es\/es\/comunicacio\/sa-fundacio-presenta-es-llibre-antany-en-menorqui-i-castella\/\" class=\"more-link\">Continue reading<span class=\"screen-reader-text\"> &#8220;Sa Fundaci\u00f3 presenta el libro \u201cAntany\u201d en menorqu\u00edn y castellano&#8221;<\/span><\/a><\/p>\n","protected":false},"author":6,"featured_media":4856,"comment_status":"open","ping_status":"open","sticky":false,"template":"","format":"standard","meta":{"footnotes":""},"categories":[18,19],"tags":[207,210,50],"class_list":["post-4851","post","type-post","status-publish","format-standard","has-post-thumbnail","hentry","category-comunicacio","category-noticies","tag-balear-balears","tag-maho-menorca-culturamenorquina-culturabalear-balears-antany","tag-menorqui"],"_links":{"self":[{"href":"https:\/\/safundacio.es\/es\/wp-json\/wp\/v2\/posts\/4851"}],"collection":[{"href":"https:\/\/safundacio.es\/es\/wp-json\/wp\/v2\/posts"}],"about":[{"href":"https:\/\/safundacio.es\/es\/wp-json\/wp\/v2\/types\/post"}],"author":[{"embeddable":true,"href":"https:\/\/safundacio.es\/es\/wp-json\/wp\/v2\/users\/6"}],"replies":[{"embeddable":true,"href":"https:\/\/safundacio.es\/es\/wp-json\/wp\/v2\/comments?post=4851"}],"version-history":[{"count":1,"href":"https:\/\/safundacio.es\/es\/wp-json\/wp\/v2\/posts\/4851\/revisions"}],"predecessor-version":[{"id":4854,"href":"https:\/\/safundacio.es\/es\/wp-json\/wp\/v2\/posts\/4851\/revisions\/4854"}],"wp:featuredmedia":[{"embeddable":true,"href":"https:\/\/safundacio.es\/es\/wp-json\/wp\/v2\/media\/4856"}],"wp:attachment":[{"href":"https:\/\/safundacio.es\/es\/wp-json\/wp\/v2\/media?parent=4851"}],"wp:term":[{"taxonomy":"category","embeddable":true,"href":"https:\/\/safundacio.es\/es\/wp-json\/wp\/v2\/categories?post=4851"},{"taxonomy":"post_tag","embeddable":true,"href":"https:\/\/safundacio.es\/es\/wp-json\/wp\/v2\/tags?post=4851"}],"curies":[{"name":"wp","href":"https:\/\/api.w.org\/{rel}","templated":true}]}}