{"id":4730,"date":"2021-02-26T10:15:57","date_gmt":"2021-02-26T09:15:57","guid":{"rendered":"https:\/\/safundacio.es\/?p=4730"},"modified":"2021-02-26T10:15:57","modified_gmt":"2021-02-26T09:15:57","slug":"mes-de-100-denuncies-a-soficina-de-drets-linguistics-per-discriminar-es-parlants-de-mallorqui-menorqui-i-eivissenc","status":"publish","type":"post","link":"https:\/\/safundacio.es\/es\/comunicacio\/mes-de-100-denuncies-a-soficina-de-drets-linguistics-per-discriminar-es-parlants-de-mallorqui-menorqui-i-eivissenc\/","title":{"rendered":"M\u00e1s de 100 denuncias en la Oficina de Derechos Ling\u00fc\u00edsticos por discriminar a los hablantes de mallorqu\u00edn, menorqu\u00edn e ibicenco"},"content":{"rendered":"<p><\/p>\n<p style=\"text-align: center;\"><em>Sa Fundaci\u00f3 se pregunta: \u00bfPara qu\u00e9 sirve la Oficina de Derechos Ling\u00fc\u00edsticos\u00a0si no defiende los derechos de los hablantes de las modalidades baleares? Se insta a los partidos pol\u00edticos de la oposici\u00f3n a preguntar al Govern qu\u00e9\u00a0finalidad persigue realmente esta\u00a0oficina.<\/em><\/p>\n<p style=\"text-align: justify;\">Sa Fundaci\u00f3 Jaume III tiene constancia de que durante los primeros meses de 2021 se han presentado m\u00e1s de 100 denuncias en la Oficina de Derechos Ling\u00fc\u00edsticos por ciudadanos baleares que han visto vulnerados sus derechos como hablantes de mallorqu\u00edn, menorqu\u00edn e ibicenco.<\/p>\n<p><img loading=\"lazy\" decoding=\"async\" class=\"alignnone size-medium wp-image-4731 aligncenter\" src=\"https:\/\/safundacio.es\/wp-content\/uploads\/2021\/02\/Sema\u0300for-Palma-300x279.png\" alt=\"\" width=\"300\" height=\"279\" srcset=\"https:\/\/safundacio.es\/wp-content\/uploads\/2021\/02\/Sema\u0300for-Palma-300x279.png 300w, https:\/\/safundacio.es\/wp-content\/uploads\/2021\/02\/Sema\u0300for-Palma-24x22.png 24w, https:\/\/safundacio.es\/wp-content\/uploads\/2021\/02\/Sema\u0300for-Palma-36x33.png 36w, https:\/\/safundacio.es\/wp-content\/uploads\/2021\/02\/Sema\u0300for-Palma-48x45.png 48w, https:\/\/safundacio.es\/wp-content\/uploads\/2021\/02\/Sema\u0300for-Palma.png 620w\" sizes=\"(max-width: 300px) 100vw, 300px\" \/><\/p>\n<p style=\"text-align: justify;\">Sem\u00e1foros de Palma que para decir apretad\u00a0utilizan el catal\u00e1n &#8220;<em>premeu<\/em>&#8221; en lugar de\u00a0<em>pitjau<\/em>, libros de texto que para decir sombrero usan &#8220;<em>barret<\/em>&#8221; en lugar de\u00a0<em>capell<\/em>, comercios que para las zanahorias\u00a0 usan &#8220;<em>carrotes<\/em>&#8221;\u00a0en lugar de\u00a0<em>pastanagues<\/em>,\u00a0para la arena &#8220;<em>sorra<\/em>&#8221; en lugar de\u00a0<em>arena<\/em>, para referirse a los ni\u00f1os &#8220;<em>nens<\/em>&#8221; en lugar de\u00a0<em>nins<\/em>,\u00a0 hay se\u00f1ales de tr\u00e1fico que no respetan la toponimia balear como se observa en\u00a0<em>Sa Indioteria<\/em>\u00a0o\u00a0<em>Es Molinar<\/em>\u00a0que han cambiado por &#8220;<em>La Indioteria<\/em>&#8221; o &#8220;<em>El Molinar<\/em>&#8220;.\u00a0Hay comercios que usan el catal\u00e1n &#8220;<em>si us plau<\/em>&#8221; en lugar del mallorqu\u00edn\u00a0<em>per\u00a0favor<\/em>. R\u00f3tulos\u00a0del Govern balear que\u00a0escriben\u00a0en catal\u00e1n &#8220;<em>galleda d&#8217;escombraries<\/em>&#8221; en lugar de\u00a0<em>poal des\u00a0fems<\/em>\u2026 son solamente unos pocos ejemplos del centenar de denuncias que se han presentado.<\/p>\n<p style=\"text-align: justify;\">La respuesta de la Oficina de Derechos Ling\u00fc\u00edsticos a las denuncias presentadas ha sido siempre la misma: &#8220;no cuestionan&#8221; el modelo ling\u00fc\u00edstico que emplean las instituciones p\u00fablicas o privadas. Es decir, no piensan hacer nada para defender las particularidades ling\u00fc\u00edsticas baleares.<\/p>\n<p style=\"text-align: justify;\">Sa Fundaci\u00f3 se pregunta: \u00bfpara qu\u00e9 sirve la Oficina de Derechos Ling\u00fc\u00edsticos si no\u00a0defiende los derechos de los hablantes del balear? El art\u00edculo 35 del Estatuto de Autonom\u00eda dice que<\/p>\n<p style=\"text-align: justify;\">\u201c<strong>las modalidades insulares del catal\u00e1n de Mallorca, de Menorca, de Ibiza y de Formentera ser\u00e1n objeto de especial estudio y protecci\u00f3n<\/strong>&#8220;. La realidad es que La Oficina de Derechos Ling\u00fc\u00edsticos incumple el Estatuto y\u00a0no protege nuestras modalidades cuando son suplantadas sistem\u00e1ticamente por el catal\u00e1n est\u00e1ndar.<\/p>\n<p style=\"text-align: justify;\">Sa Fundaci\u00f3 insta a los partidos pol\u00edticos de la oposici\u00f3n a preguntar al Govern de Francina Armengol qu\u00e9 finalidad persigue\u00a0realmente esta\u00a0Oficina de Derechos Ling\u00fc\u00edsticos que, curiosamente, no defiende los derechos ling\u00fc\u00edsticos de los ciudadanos baleares que hablamos mallorqu\u00edn, menorqu\u00edn\u00a0e ibicenco.<\/p>\n<p style=\"text-align: justify;\">Palma, 26 de febrero de 2021<\/p>\n<p style=\"text-align: center;\"><a href=\"https:\/\/safundacio.es\/col-labora\/fer-se-soci\/\"><strong><em>Sa Fundaci\u00f3 es una entidad sin \u00e1nimo de lucro creada en 2013 para la defensa y preservaci\u00f3n del mallorqu\u00edn, el menorqu\u00edn y el ibicenco<\/em><\/strong><\/a><em><strong>.<\/strong><\/em><strong><em><br \/>\n<\/em><\/strong><a href=\"https:\/\/safundacio.es\/col-labora\/fer-se-soci\/\"><strong><em>\u00bfNos ayudas a defender nuestra lengua y cultura balear?<\/em><\/strong><\/a><\/p>\n<p style=\"text-align: center;\">Las donaciones a Sa Fundaci\u00f3 tienen una deducci\u00f3n fiscal del 75% en los primeros 150\u20ac. Si donas 10\u20ac mensuales, \u00a1realmente no te costar\u00e1 ni 2\u20ac!<\/p>\n<p style=\"text-align: center;\"><em>\u00a0H\u00e1zte socio de Sa Fundaci\u00f3 clicando\u00a0<\/em><a href=\"https:\/\/safundacio.es\/col-labora\/fer-se-soci\/\"><em>aqu\u00ed<\/em><\/a><em><br \/>\n<\/em><a href=\"https:\/\/safundacio.es\/col-labora\/fer-se-soci\/\"><em>https:\/\/safundacio.es\/col-labora\/fer-se-soci\/<\/em><\/a><\/p>\n<p>&nbsp;<\/p>","protected":false},"excerpt":{"rendered":"<p>Sa Fundaci\u00f3 se pregunta: \u00bfPara qu\u00e9 sirve la Oficina de Derechos Ling\u00fc\u00edsticos\u00a0si no defiende los derechos de los hablantes de las modalidades baleares? Se insta a los partidos pol\u00edticos de la oposici\u00f3n a preguntar al Govern qu\u00e9\u00a0finalidad persigue realmente esta\u00a0oficina. Sa Fundaci\u00f3 Jaume III tiene constancia de que durante los primeros meses de 2021 se &hellip; <\/p>\n<p class=\"link-more\"><a href=\"https:\/\/safundacio.es\/es\/comunicacio\/mes-de-100-denuncies-a-soficina-de-drets-linguistics-per-discriminar-es-parlants-de-mallorqui-menorqui-i-eivissenc\/\" class=\"more-link\">Continue reading<span class=\"screen-reader-text\"> &#8220;M\u00e1s de 100 denuncias en la Oficina de Derechos Ling\u00fc\u00edsticos por discriminar a los hablantes de mallorqu\u00edn, menorqu\u00edn e ibicenco&#8221;<\/span><\/a><\/p>\n","protected":false},"author":6,"featured_media":4731,"comment_status":"open","ping_status":"open","sticky":false,"template":"","format":"standard","meta":{"footnotes":""},"categories":[18,19,24],"tags":[201,189,190,202,49],"class_list":["post-4730","post","type-post","status-publish","format-standard","has-post-thumbnail","hentry","category-comunicacio","category-noticies","category-premsa","tag-dretslinguistics","tag-mallorca-culturabalear-illesbalears","tag-mallorqui-menorqui-eivissenc-formenterer-culturabalear-illesbalears-estimamlonostro-safundacio-mallorca-menorca-eivissa-formentera","tag-menorca-eivissa-formentera","tag-safundacio"],"_links":{"self":[{"href":"https:\/\/safundacio.es\/es\/wp-json\/wp\/v2\/posts\/4730"}],"collection":[{"href":"https:\/\/safundacio.es\/es\/wp-json\/wp\/v2\/posts"}],"about":[{"href":"https:\/\/safundacio.es\/es\/wp-json\/wp\/v2\/types\/post"}],"author":[{"embeddable":true,"href":"https:\/\/safundacio.es\/es\/wp-json\/wp\/v2\/users\/6"}],"replies":[{"embeddable":true,"href":"https:\/\/safundacio.es\/es\/wp-json\/wp\/v2\/comments?post=4730"}],"version-history":[{"count":1,"href":"https:\/\/safundacio.es\/es\/wp-json\/wp\/v2\/posts\/4730\/revisions"}],"predecessor-version":[{"id":4732,"href":"https:\/\/safundacio.es\/es\/wp-json\/wp\/v2\/posts\/4730\/revisions\/4732"}],"wp:featuredmedia":[{"embeddable":true,"href":"https:\/\/safundacio.es\/es\/wp-json\/wp\/v2\/media\/4731"}],"wp:attachment":[{"href":"https:\/\/safundacio.es\/es\/wp-json\/wp\/v2\/media?parent=4730"}],"wp:term":[{"taxonomy":"category","embeddable":true,"href":"https:\/\/safundacio.es\/es\/wp-json\/wp\/v2\/categories?post=4730"},{"taxonomy":"post_tag","embeddable":true,"href":"https:\/\/safundacio.es\/es\/wp-json\/wp\/v2\/tags?post=4730"}],"curies":[{"name":"wp","href":"https:\/\/api.w.org\/{rel}","templated":true}]}}