{"id":4675,"date":"2021-01-12T12:42:19","date_gmt":"2021-01-12T11:42:19","guid":{"rendered":"https:\/\/safundacio.es\/?p=4675"},"modified":"2023-09-05T19:20:14","modified_gmt":"2023-09-05T17:20:14","slug":"sa-fundacio-demana-a-francina-armengol-si-esta-dacord-amb-quim-torra-quan-diu-que-balears-pertany-a-sa-nacio-catalana","status":"publish","type":"post","link":"https:\/\/safundacio.es\/es\/comunicacio\/sa-fundacio-demana-a-francina-armengol-si-esta-dacord-amb-quim-torra-quan-diu-que-balears-pertany-a-sa-nacio-catalana\/","title":{"rendered":"Sa Fundaci\u00f3 pregunta a Francina Armengol si est\u00e1 de acuerdo con Quim Torra cuando dice que Baleares pertenece a la \u201cnaci\u00f3n catalana\u201d"},"content":{"rendered":"<p><\/p>\n<p style=\"text-align: center;\"><em>\u00bfComo es posible que la presidenta de Baleares no reaccione cuando el presidente inhabilitado de la Generalidad de Catalu\u00f1a, Quim Torra, dice que los baleares somos catalanes?<\/em><\/p>\n<p style=\"text-align: justify;\">Sa Fundaci\u00f3 lamenta que, una vez m\u00e1s, el presidente inhabilitado de la Generalidad de Catalu\u00f1a, Quim Torra, se haya apropiado ileg\u00edtimamente de nuestra Comunidad Aut\u00f3noma de Baleares, a la que se ha referido como parte de la \u201cnaci\u00f3n catalana\u201d durante su mensaje de A\u00f1o Nuevo de 2020.<\/p>\n<p>&nbsp;<\/p>\n<p style=\"text-align: justify;\">Concretamente, Torra ha afirmado que \u201cLa pandemia de la COVID-19, esta gran crisis humana, sanitaria, econ\u00f3mica y social, ha desnudado como nunca hasta ahora la autonom\u00eda de los catalanes, en toda la naci\u00f3n, de Salses a Guardamar y de Fraga a Mah\u00f3n. Nos ha dejado bien claro que las competencias y los recursos de los que disponemos son tan limitados que no podemos responder una amenaza como esta y defender a la ciudadan\u00eda como se merece\u201d.<\/p>\n<p style=\"text-align: justify;\">\u00bfComo es posible que la presidenta de Baleares no reaccione cuando el presidente inhabilitado de la Generalidad de Catalu\u00f1a, Quim Torra, dice que los baleares somos catalanes?\u00a0Hace cuesti\u00f3n de pocos meses, Torra ya dijo en Twitter que Valencia y Baleares pertenec\u00edan a los imaginarios pa\u00edses catalanes, y tampoco hubo ninguna respuesta por parte de las autoridades p\u00fablicas baleares.<\/p>\n<p style=\"text-align: justify;\">Sa Fundaci\u00f3 pregunta a Francina Armengol si est\u00e1 de acuerdo con Quim Torra cuando dice que Baleares pertenece a la \u201cnaci\u00f3n catalana\u201d, o por el contrario piensa hacer algo para defender un poco la dignidad de una tierra, Baleares, que la ha hecho presidenta y a la que se debe.<\/p>\n<p style=\"text-align: right;\">Palma de Mallorca, 12 de enero de 2021<\/p>\n<p style=\"text-align: center; background: white; margin: 0cm 0cm 18.0pt 0cm;\" align=\"center\"><a href=\"https:\/\/safundacio.es\/col-labora\/fer-se-soci\/\"><b><i><span style=\"font-size: 11.5pt; font-family: 'avenir','serif'; color: black;\">Sa Fundaci\u00f3 es una entidad sin \u00e1nimo de lucro creada en 2013 para la defensa y preservaci\u00f3n del mallorqu\u00edn, el menorqu\u00edn y el ibicenco<\/span><\/i><\/b><\/a><em><b><span style=\"font-size: 11.5pt; font-family: 'avenir','serif'; color: #333333;\">.<\/span><\/b><\/em><b><i><span style=\"font-size: 11.5pt; font-family: 'avenir','serif'; color: #333333;\"><br \/>\n<\/span><\/i><\/b><a href=\"https:\/\/safundacio.es\/col-labora\/fer-se-soci\/\"><b><i><span style=\"font-size: 11.5pt; font-family: 'avenir','serif'; color: #222222;\">\u00bfNos ayudas a defender nuestra lengua y cultura balear?<\/span><\/i><\/b><\/a><\/p>\n<p style=\"text-align: center; background: white; margin: 0cm 0cm 18.0pt 0cm;\" align=\"center\"><span style=\"font-size: 11.5pt; font-family: 'avenir','serif'; color: #333333;\">Las donaciones a Sa Fundaci\u00f3 tienen una deducci\u00f3n fiscal del 75% en los primeros 150\u20ac. Si donas 10\u20ac mensuales, \u00a1realmente no te costar\u00e1 ni 2\u20ac!<\/span><\/p>\n<p style=\"text-align: center; background: white; margin: 0cm 0cm 18.0pt 0cm;\" align=\"center\"><span style=\"font-size: 11.5pt; font-family: 'avenir','serif'; color: #333333;\"> <em><span style=\"font-family: 'avenir','serif';\">\u00a0H\u00e1zte socio de Sa Fundaci\u00f3 clicando\u00a0<\/span><\/em><\/span><a href=\"https:\/\/safundacio.es\/col-labora\/fer-se-soci\/\"><i><span style=\"font-size: 11.5pt; font-family: 'avenir','serif'; color: #222222;\">aqu\u00ed<\/span><\/i><\/a><i><span style=\"font-size: 11.5pt; font-family: 'avenir','serif'; color: #333333;\"><br \/>\n<em><span style=\"font-family: 'avenir','serif';\">\u00a0<\/span><\/em><\/span><\/i><a href=\"https:\/\/safundacio.es\/col-labora\/fer-se-soci\/\"><i><span style=\"font-size: 11.5pt; font-family: 'avenir','serif'; color: #222222;\">https:\/\/safundacio.es\/col-labora\/fer-se-soci\/<\/span><\/i><\/a><\/p>\n<p><\/p>","protected":false},"excerpt":{"rendered":"<p>\u00bfComo es posible que la presidenta de Baleares no reaccione cuando el presidente inhabilitado de la Generalidad de Catalu\u00f1a, Quim Torra, dice que los baleares somos catalanes? Sa Fundaci\u00f3 lamenta que, una vez m\u00e1s, el presidente inhabilitado de la Generalidad de Catalu\u00f1a, Quim Torra, se haya apropiado ileg\u00edtimamente de nuestra Comunidad Aut\u00f3noma de Baleares, a &hellip; <\/p>\n<p class=\"link-more\"><a href=\"https:\/\/safundacio.es\/es\/comunicacio\/sa-fundacio-demana-a-francina-armengol-si-esta-dacord-amb-quim-torra-quan-diu-que-balears-pertany-a-sa-nacio-catalana\/\" class=\"more-link\">Continue reading<span class=\"screen-reader-text\"> &#8220;Sa Fundaci\u00f3 pregunta a Francina Armengol si est\u00e1 de acuerdo con Quim Torra cuando dice que Baleares pertenece a la \u201cnaci\u00f3n catalana\u201d&#8221;<\/span><\/a><\/p>\n","protected":false},"author":8,"featured_media":0,"comment_status":"open","ping_status":"open","sticky":false,"template":"","format":"standard","meta":{"footnotes":""},"categories":[18,19,24],"tags":[78,127,128,52,68,49],"class_list":["post-4675","post","type-post","status-publish","format-standard","hentry","category-comunicacio","category-noticies","category-premsa","tag-balears","tag-eivissa","tag-formentera","tag-mallorca","tag-menorca","tag-safundacio"],"_links":{"self":[{"href":"https:\/\/safundacio.es\/es\/wp-json\/wp\/v2\/posts\/4675"}],"collection":[{"href":"https:\/\/safundacio.es\/es\/wp-json\/wp\/v2\/posts"}],"about":[{"href":"https:\/\/safundacio.es\/es\/wp-json\/wp\/v2\/types\/post"}],"author":[{"embeddable":true,"href":"https:\/\/safundacio.es\/es\/wp-json\/wp\/v2\/users\/8"}],"replies":[{"embeddable":true,"href":"https:\/\/safundacio.es\/es\/wp-json\/wp\/v2\/comments?post=4675"}],"version-history":[{"count":3,"href":"https:\/\/safundacio.es\/es\/wp-json\/wp\/v2\/posts\/4675\/revisions"}],"predecessor-version":[{"id":4931,"href":"https:\/\/safundacio.es\/es\/wp-json\/wp\/v2\/posts\/4675\/revisions\/4931"}],"wp:attachment":[{"href":"https:\/\/safundacio.es\/es\/wp-json\/wp\/v2\/media?parent=4675"}],"wp:term":[{"taxonomy":"category","embeddable":true,"href":"https:\/\/safundacio.es\/es\/wp-json\/wp\/v2\/categories?post=4675"},{"taxonomy":"post_tag","embeddable":true,"href":"https:\/\/safundacio.es\/es\/wp-json\/wp\/v2\/tags?post=4675"}],"curies":[{"name":"wp","href":"https:\/\/api.w.org\/{rel}","templated":true}]}}