{"id":4630,"date":"2020-12-04T10:15:13","date_gmt":"2020-12-04T09:15:13","guid":{"rendered":"https:\/\/safundacio.es\/?p=4630"},"modified":"2020-12-04T10:15:13","modified_gmt":"2020-12-04T09:15:13","slug":"sa-fundacio-censura-simperialisme-catala-de-quim-torra","status":"publish","type":"post","link":"https:\/\/safundacio.es\/es\/comunicacio\/sa-fundacio-censura-simperialisme-catala-de-quim-torra\/","title":{"rendered":"Sa Fundaci\u00f3 censura el imperialismo catal\u00e1n de Quim Torra"},"content":{"rendered":"<p><\/p>\n<p style=\"text-align: center;\"><em>Sa Fundaci\u00f3 considera lamentable el silencio de Francina Armengol y del resto de autoridades del Govern balear ante la en\u00e9sima apropiaci\u00f3n ileg\u00edtima de Valencia y Baleares por parte de los pancatalanistas de la Generalidad de Catalu\u00f1a<\/em><\/p>\n<p style=\"text-align: justify;\">Este lunes, el expresidente de la Generalidad de Catalu\u00f1a Quim Torra \u2014inhabilitado por el Tribunal Supremo por desobedecer la ley\u2014, public\u00f3 en su cuenta de Twitter una fotograf\u00eda con un mapa de los imaginarios \u201cpa\u00edses catalanes\u201d. En el texto, Torra aseguraba que la presencia en todas partes de \u201c<em>la reedici\u00f3 del Mapa Ballester dels Pa\u00efsos Catalans<\/em>\u201d har\u00e1 que \u201cmucha gente pueda conocer cu\u00e1l es el \u00e1mbito de la\u00a0\u201c<em>Naci\u00f3 Catalana<\/em>\u201d.<\/p>\n<p><img loading=\"lazy\" decoding=\"async\" class=\"alignnone size-full wp-image-4631\" src=\"https:\/\/safundacio.es\/wp-content\/uploads\/2020\/12\/paisos-catalanas.jpg\" alt=\"\" width=\"1046\" height=\"400\" srcset=\"https:\/\/safundacio.es\/wp-content\/uploads\/2020\/12\/paisos-catalanas.jpg 1046w, https:\/\/safundacio.es\/wp-content\/uploads\/2020\/12\/paisos-catalanas-300x115.jpg 300w, https:\/\/safundacio.es\/wp-content\/uploads\/2020\/12\/paisos-catalanas-768x294.jpg 768w, https:\/\/safundacio.es\/wp-content\/uploads\/2020\/12\/paisos-catalanas-1024x392.jpg 1024w, https:\/\/safundacio.es\/wp-content\/uploads\/2020\/12\/paisos-catalanas-24x9.jpg 24w, https:\/\/safundacio.es\/wp-content\/uploads\/2020\/12\/paisos-catalanas-36x14.jpg 36w, https:\/\/safundacio.es\/wp-content\/uploads\/2020\/12\/paisos-catalanas-48x18.jpg 48w\" sizes=\"(max-width: 767px) 89vw, (max-width: 1000px) 54vw, (max-width: 1071px) 543px, 580px\" \/><\/p>\n<p>Sa Fundaci\u00f3 considera lamentable el silencio de Francina Armengol y del resto de autoridades del Govern balear ante la en\u00e9sima apropiaci\u00f3n ileg\u00edtima de Valencia y Baleares por parte de los pancatalanistas de la Generalidad de Catalu\u00f1a. Es vergonzoso que un expresidente de otra Comunidad\u00a0Aut\u00f3noma\u00a0diga que Baleares pertenece a su \u201cnaci\u00f3n catalana\u201d y la presidenta de nuestras islas quede de brazos cruzados como si no pasara nada.<\/p>\n<p>Como dice el Catedr\u00e1tico de Historia por la UIB, Rom\u00e1n Pi\u00f1a Homs, los baleares somos hijos de 5.000 a\u00f1os de Historia, y las Baleares existen desde muchos siglos antes de que existiera Catalu\u00f1a. Tenemos identidad propia y no estamos dispuestos a renunciar a ella. Lo recordaremos siempre que haga falta y a quien haga falta, sobretodo cuando nuestros pol\u00edticos no son capaces de defender lo nuestro ante las ansias anexionistas del expresidente de la Comunidad\u00a0Aut\u00f3noma\u00a0de Catalu\u00f1a.<\/p>\n<p style=\"text-align: right;\">Palma de Mallorca<br \/>\n4 de novembre de 2020<\/p>\n<p style=\"text-align: center; background: white; margin: 0cm 0cm 18.0pt 0cm;\" align=\"center\"><a href=\"https:\/\/safundacio.es\/col-labora\/fer-se-soci\/\"><b><i><span style=\"font-size: 11.5pt; font-family: 'avenir','serif'; color: black;\">Sa Fundaci\u00f3 es una entidad sin \u00e1nimo de lucro creada en 2013 para la defensa y preservaci\u00f3n del mallorqu\u00edn, el menorqu\u00edn y el ibicenco<\/span><\/i><\/b><\/a><em><b><span style=\"font-size: 11.5pt; font-family: 'avenir','serif'; color: #333333;\">.<\/span><\/b><\/em><b><i><span style=\"font-size: 11.5pt; font-family: 'avenir','serif'; color: #333333;\"><br \/>\n<\/span><\/i><\/b><a href=\"https:\/\/safundacio.es\/col-labora\/fer-se-soci\/\"><b><i><span style=\"font-size: 11.5pt; font-family: 'avenir','serif'; color: #222222; text-decoration: none; text-underline: none;\">\u00bfNos ayudas a defender nuestra lengua y cultura balear?<\/span><\/i><\/b><\/a><\/p>\n<p style=\"text-align: center; background: white; margin: 0cm 0cm 18.0pt 0cm;\" align=\"center\"><span style=\"font-size: 11.5pt; font-family: 'avenir','serif'; color: #333333;\">Las donaciones a Sa Fundaci\u00f3 tienen una deducci\u00f3n fiscal del 75% en los primeros 150\u20ac. Si donas 10\u20ac mensuales, \u00a1realmente no te costar\u00e1 ni 2\u20ac!<\/span><\/p>\n<p style=\"text-align: center; background: white; margin: 0cm 0cm 18.0pt 0cm;\" align=\"center\"><em><span style=\"font-size: 11.5pt; font-family: 'avenir','serif'; color: #333333;\">\u00a0H\u00e1zte socio de Sa Fundaci\u00f3 clicando\u00a0<\/span><\/em><a href=\"https:\/\/safundacio.es\/col-labora\/fer-se-soci\/\"><i><span style=\"font-size: 11.5pt; font-family: 'avenir','serif'; color: #222222; text-decoration: none; text-underline: none;\">aqu\u00ed<\/span><\/i><\/a><i><span style=\"font-size: 11.5pt; font-family: 'avenir','serif'; color: #333333;\"><br \/>\n<em><span style=\"font-family: 'avenir','serif';\">\u00a0<\/span><\/em><\/span><\/i><a href=\"https:\/\/safundacio.es\/col-labora\/fer-se-soci\/\"><i><span style=\"font-size: 11.5pt; font-family: 'avenir','serif'; color: #222222; text-decoration: none; text-underline: none;\">https:\/\/safundacio.es\/col-labora\/fer-se-soci\/<\/span><\/i><\/a><\/p>\n<p><em>\u00a0<\/em><\/p>","protected":false},"excerpt":{"rendered":"<p>Sa Fundaci\u00f3 considera lamentable el silencio de Francina Armengol y del resto de autoridades del Govern balear ante la en\u00e9sima apropiaci\u00f3n ileg\u00edtima de Valencia y Baleares por parte de los pancatalanistas de la Generalidad de Catalu\u00f1a Este lunes, el expresidente de la Generalidad de Catalu\u00f1a Quim Torra \u2014inhabilitado por el Tribunal Supremo por desobedecer la &hellip; <\/p>\n<p class=\"link-more\"><a href=\"https:\/\/safundacio.es\/es\/comunicacio\/sa-fundacio-censura-simperialisme-catala-de-quim-torra\/\" class=\"more-link\">Continue reading<span class=\"screen-reader-text\"> &#8220;Sa Fundaci\u00f3 censura el imperialismo catal\u00e1n de Quim Torra&#8221;<\/span><\/a><\/p>\n","protected":false},"author":8,"featured_media":4631,"comment_status":"open","ping_status":"open","sticky":false,"template":"","format":"standard","meta":{"footnotes":""},"categories":[18,24],"tags":[195,54],"class_list":["post-4630","post","type-post","status-publish","format-standard","has-post-thumbnail","hentry","category-comunicacio","category-premsa","tag-culturabalear-balears","tag-illesbalears"],"_links":{"self":[{"href":"https:\/\/safundacio.es\/es\/wp-json\/wp\/v2\/posts\/4630"}],"collection":[{"href":"https:\/\/safundacio.es\/es\/wp-json\/wp\/v2\/posts"}],"about":[{"href":"https:\/\/safundacio.es\/es\/wp-json\/wp\/v2\/types\/post"}],"author":[{"embeddable":true,"href":"https:\/\/safundacio.es\/es\/wp-json\/wp\/v2\/users\/8"}],"replies":[{"embeddable":true,"href":"https:\/\/safundacio.es\/es\/wp-json\/wp\/v2\/comments?post=4630"}],"version-history":[{"count":1,"href":"https:\/\/safundacio.es\/es\/wp-json\/wp\/v2\/posts\/4630\/revisions"}],"predecessor-version":[{"id":4632,"href":"https:\/\/safundacio.es\/es\/wp-json\/wp\/v2\/posts\/4630\/revisions\/4632"}],"wp:featuredmedia":[{"embeddable":true,"href":"https:\/\/safundacio.es\/es\/wp-json\/wp\/v2\/media\/4631"}],"wp:attachment":[{"href":"https:\/\/safundacio.es\/es\/wp-json\/wp\/v2\/media?parent=4630"}],"wp:term":[{"taxonomy":"category","embeddable":true,"href":"https:\/\/safundacio.es\/es\/wp-json\/wp\/v2\/categories?post=4630"},{"taxonomy":"post_tag","embeddable":true,"href":"https:\/\/safundacio.es\/es\/wp-json\/wp\/v2\/tags?post=4630"}],"curies":[{"name":"wp","href":"https:\/\/api.w.org\/{rel}","templated":true}]}}