{"id":4533,"date":"2020-08-24T14:30:25","date_gmt":"2020-08-24T12:30:25","guid":{"rendered":"https:\/\/safundacio.es\/?p=4533"},"modified":"2020-08-25T11:49:26","modified_gmt":"2020-08-25T09:49:26","slug":"sa-fundacio-publica-sa-memoria-dactivitats-de-2019","status":"publish","type":"post","link":"https:\/\/safundacio.es\/es\/comunicacio\/sa-fundacio-publica-sa-memoria-dactivitats-de-2019\/","title":{"rendered":"Sa Fundaci\u00f3 publica la memoria de actividades de 2019"},"content":{"rendered":"<p>Palma de Mallorca, 24 de agosto de 2020<\/p>\n<p style=\"text-align: center;\"><em>Sa Fundaci\u00f3 realiz\u00f3 m\u00e1s de 20 proyectos e iniciativas en defensa del mallorqu\u00edn, menorqu\u00edn e ibiceco durante el a\u00f1o 2019<\/em><\/p>\n<p style=\"text-align: justify;\">Sa Fundaci\u00f3 Jaume III acaba de publicar la\u00a0memoria de actividades del a\u00f1o 2019, durante el cual la entidad\u00a0balear realiz\u00f3\u00a0<strong>m\u00e1s de 20 proyectos e iniciativas en defensa del mallorqu\u00edn, menorqu\u00edn e ibicenco<\/strong>. La memoria se puede descargar aqu\u00ed:\u00a0<em><a href=\"https:\/\/bit.ly\/34mfg2T\"><strong>https:\/\/bit.ly\/34mfg2T<\/strong><\/a><\/em><\/p>\n<p style=\"text-align: justify;\"><a href=\"https:\/\/safundacio.es\/wp-content\/uploads\/2020\/08\/Memo%CC%80ria-de-Sa-Fundacio%CC%81-2019-oficial-web.pdf\"><img loading=\"lazy\" decoding=\"async\" class=\"alignnone size-full wp-image-4537\" src=\"https:\/\/safundacio.es\/wp-content\/uploads\/2020\/08\/Portada-memo\u0300ria-Sa-Fundacio\u0301-2019.png\" alt=\"\" width=\"886\" height=\"1250\" srcset=\"https:\/\/safundacio.es\/wp-content\/uploads\/2020\/08\/Portada-memo\u0300ria-Sa-Fundacio\u0301-2019.png 886w, https:\/\/safundacio.es\/wp-content\/uploads\/2020\/08\/Portada-memo\u0300ria-Sa-Fundacio\u0301-2019-213x300.png 213w, https:\/\/safundacio.es\/wp-content\/uploads\/2020\/08\/Portada-memo\u0300ria-Sa-Fundacio\u0301-2019-768x1084.png 768w, https:\/\/safundacio.es\/wp-content\/uploads\/2020\/08\/Portada-memo\u0300ria-Sa-Fundacio\u0301-2019-726x1024.png 726w, https:\/\/safundacio.es\/wp-content\/uploads\/2020\/08\/Portada-memo\u0300ria-Sa-Fundacio\u0301-2019-17x24.png 17w, https:\/\/safundacio.es\/wp-content\/uploads\/2020\/08\/Portada-memo\u0300ria-Sa-Fundacio\u0301-2019-26x36.png 26w, https:\/\/safundacio.es\/wp-content\/uploads\/2020\/08\/Portada-memo\u0300ria-Sa-Fundacio\u0301-2019-34x48.png 34w\" sizes=\"(max-width: 767px) 89vw, (max-width: 1000px) 54vw, (max-width: 1071px) 543px, 580px\" \/><\/a><\/p>\n<p>El director de Sa Fundaci\u00f3, Joan Pons, ha destacado que &#8220;de acuerdo con la l\u00ednea estrat\u00e9gica de los \u00faltimos a\u00f1os, este 2019 en Sa Fundaci\u00f3 hemos seguido potenciando nuestra actuaci\u00f3n en la sociedad civil&#8221;. Sin embargo,\u00a0<strong>Sa Fundaci\u00f3 tambi\u00e9n ha seguido dando la batalla institucional en defensa del balear<\/strong>, como por ejemplo, antes de las elecciones auton\u00f3micas y municipales de 2019, cuando la entidad balearista se reuni\u00f3 con diversos partidos pol\u00edticos para que incluyeran la defensa de las modalidades insulares en sus programas electorales. O por ejemplo, d\u00eda 11 de abril de 2019, cuando el director de Sa Fundaci\u00f3 intervino en el pleno del Consell de Mallorca, consiguiendo que el Pi modificara una moci\u00f3n en defensa de la lengua catalana y que finalmente se aprobara una declaraci\u00f3n institucional que inclu\u00eda la protecci\u00f3n de las modalidades insulares.<\/p>\n<p style=\"text-align: justify;\">Aparte de los premios Gabriel Maura en mallorqu\u00edn y Joan Benejam en menorqu\u00edn, que repartieron hasta 5.500\u20ac, o de los cursos de mallorqu\u00edn y menorqu\u00edn -con la novedad de los cursos online- con m\u00e1s de 60 nuevos alumnos, Pons Torres destaca acciones como la traducci\u00f3n de\u00a0<em>El Principito\u00a0<\/em>en mallorqu\u00edn por Sandra Amoraga, libro del que se han vendido ya m\u00e1s de 500 ejemplares, el asesoramiento ling\u00fc\u00edstico a empresas y asociaciones que quieren expresarse en balear con sus clientes y asociados, o la carta que el presidente de Sa Fundaci\u00f3, Fernando Fortuny, entreg\u00f3 a Su Majestad, Felipe VI, inform\u00e1ndole\u00a0sobre\u00a0<strong>la grave\u00a0situaci\u00f3n de marginaci\u00f3n y sustituci\u00f3n ling\u00fc\u00edstica que sufren el mallorqu\u00edn, el menorqu\u00edn y el ibicenco<\/strong>\u00a0por la imposici\u00f3n del catal\u00e1n est\u00e1ndar en las Baleares.<\/p>\n<p><img loading=\"lazy\" decoding=\"async\" class=\"alignnone size-full wp-image-4534\" src=\"https:\/\/safundacio.es\/wp-content\/uploads\/2020\/08\/patronatSaFundacio\u0301.jpeg\" alt=\"\" width=\"1200\" height=\"624\" srcset=\"https:\/\/safundacio.es\/wp-content\/uploads\/2020\/08\/patronatSaFundacio\u0301.jpeg 1200w, https:\/\/safundacio.es\/wp-content\/uploads\/2020\/08\/patronatSaFundacio\u0301-300x156.jpeg 300w, https:\/\/safundacio.es\/wp-content\/uploads\/2020\/08\/patronatSaFundacio\u0301-768x399.jpeg 768w, https:\/\/safundacio.es\/wp-content\/uploads\/2020\/08\/patronatSaFundacio\u0301-1024x532.jpeg 1024w, https:\/\/safundacio.es\/wp-content\/uploads\/2020\/08\/patronatSaFundacio\u0301-24x12.jpeg 24w, https:\/\/safundacio.es\/wp-content\/uploads\/2020\/08\/patronatSaFundacio\u0301-36x19.jpeg 36w, https:\/\/safundacio.es\/wp-content\/uploads\/2020\/08\/patronatSaFundacio\u0301-48x25.jpeg 48w\" sizes=\"(max-width: 767px) 89vw, (max-width: 1000px) 54vw, (max-width: 1071px) 543px, 580px\" \/><\/p>\n<p style=\"text-align: justify;\">Fernando Fortuny, presidente de Sa Fundaci\u00f3, se ha mostrado satisfecho porque &#8220;<strong>Sa Fundaci\u00f3 ha seguido ejerciendo su papel como lobby de presi\u00f3n ante\u00a0las instituciones p\u00fablicas<\/strong>, reuni\u00e9ndose con los partidos pol\u00edticos y con quien haga falta, record\u00e1ndoles su obligaci\u00f3n de velar por\u00a0<strong>la preservaci\u00f3n de nuestras modalidades insulares<\/strong>\u00a0como representantes p\u00fablicos de esta tierra&#8221;.<\/p>\n<p style=\"text-align: justify;\">Sa Fundaci\u00f3 se est\u00e1 adaptando a la nueva situaci\u00f3n derivada del COVID-19, y el pr\u00f3ximo\u00a0<strong>viernes 4 de septiembre<\/strong>\u00a0llevar\u00e1 a cabo la\u00a0<strong>presentaci\u00f3n online<\/strong>\u00a0de la memoria de actividades de 2019 a trav\u00e9s de sus redes sociales.<\/p>\n<p style=\"text-align: center; background: white; margin: 0cm 0cm 18.0pt 0cm;\" align=\"center\"><a href=\"https:\/\/safundacio.es\/col-labora\/fer-se-soci\/\"><b><i><span style=\"font-size: 11.5pt; font-family: 'avenir','serif'; color: black;\">Sa Fundaci\u00f3 es una entidad sin \u00e1nimo de lucro creada en 2013 para la defensa y preservaci\u00f3n del mallorqu\u00edn, el menorqu\u00edn y el ibicenco<\/span><\/i><\/b><\/a><em><b><span style=\"font-size: 11.5pt; font-family: 'avenir','serif'; color: #333333;\">.<\/span><\/b><\/em><b><i><span style=\"font-size: 11.5pt; font-family: 'avenir','serif'; color: #333333;\"><br \/>\n<\/span><\/i><\/b><a href=\"https:\/\/safundacio.es\/col-labora\/fer-se-soci\/\"><b><i><span style=\"font-size: 11.5pt; font-family: 'avenir','serif'; color: #222222; text-decoration: none; text-underline: none;\">\u00bfNos ayudas a defender nuestra lengua y cultura balear?<\/span><\/i><\/b><\/a><\/p>\n<p style=\"text-align: center; background: white; margin: 0cm 0cm 18.0pt 0cm;\" align=\"center\"><span style=\"font-size: 11.5pt; font-family: 'avenir','serif'; color: #333333;\">Las donaciones a Sa Fundaci\u00f3 tienen una deducci\u00f3n fiscal del 75% en los primeros 150\u20ac. Si donas 10\u20ac mensuales, \u00a1realmente no te costar\u00e1 ni 2\u20ac!<\/span><\/p>\n<p style=\"text-align: center; background: white; margin: 0cm 0cm 18.0pt 0cm;\" align=\"center\"><em><span style=\"font-size: 11.5pt; font-family: 'avenir','serif'; color: #333333;\">\u00a0H\u00e1zte socio de Sa Fundaci\u00f3 clicando\u00a0<\/span><\/em><a href=\"https:\/\/safundacio.es\/col-labora\/fer-se-soci\/\"><i><span style=\"font-size: 11.5pt; font-family: 'avenir','serif'; color: #222222; text-decoration: none; text-underline: none;\">aqu\u00ed<\/span><\/i><\/a><i><span style=\"font-size: 11.5pt; font-family: 'avenir','serif'; color: #333333;\"><br \/>\n<em><span style=\"font-family: 'avenir','serif';\">\u00a0<\/span><\/em><\/span><\/i><a href=\"https:\/\/safundacio.es\/col-labora\/fer-se-soci\/\"><i><span style=\"font-size: 11.5pt; font-family: 'avenir','serif'; color: #222222; text-decoration: none; text-underline: none;\">https:\/\/safundacio.es\/col-labora\/fer-se-soci\/<\/span><\/i><\/a><\/p>\n<p>&nbsp;<\/p>","protected":false},"excerpt":{"rendered":"<p>Palma de Mallorca, 24 de agosto de 2020 Sa Fundaci\u00f3 realiz\u00f3 m\u00e1s de 20 proyectos e iniciativas en defensa del mallorqu\u00edn, menorqu\u00edn e ibiceco durante el a\u00f1o 2019 Sa Fundaci\u00f3 Jaume III acaba de publicar la\u00a0memoria de actividades del a\u00f1o 2019, durante el cual la entidad\u00a0balear realiz\u00f3\u00a0m\u00e1s de 20 proyectos e iniciativas en defensa del &hellip; <\/p>\n<p class=\"link-more\"><a href=\"https:\/\/safundacio.es\/es\/comunicacio\/sa-fundacio-publica-sa-memoria-dactivitats-de-2019\/\" class=\"more-link\">Continue reading<span class=\"screen-reader-text\"> &#8220;Sa Fundaci\u00f3 publica la memoria de actividades de 2019&#8221;<\/span><\/a><\/p>\n","protected":false},"author":8,"featured_media":4534,"comment_status":"open","ping_status":"open","sticky":false,"template":"","format":"standard","meta":{"footnotes":""},"categories":[18,24],"tags":[119,187,177,185],"class_list":["post-4533","post","type-post","status-publish","format-standard","has-post-thumbnail","hentry","category-comunicacio","category-premsa","tag-culturabalear","tag-eivissa-eivissenc-menorca-menorqui","tag-mallorca-mallorqui-illesbalears","tag-safundacio-estimamlonostro"],"_links":{"self":[{"href":"https:\/\/safundacio.es\/es\/wp-json\/wp\/v2\/posts\/4533"}],"collection":[{"href":"https:\/\/safundacio.es\/es\/wp-json\/wp\/v2\/posts"}],"about":[{"href":"https:\/\/safundacio.es\/es\/wp-json\/wp\/v2\/types\/post"}],"author":[{"embeddable":true,"href":"https:\/\/safundacio.es\/es\/wp-json\/wp\/v2\/users\/8"}],"replies":[{"embeddable":true,"href":"https:\/\/safundacio.es\/es\/wp-json\/wp\/v2\/comments?post=4533"}],"version-history":[{"count":4,"href":"https:\/\/safundacio.es\/es\/wp-json\/wp\/v2\/posts\/4533\/revisions"}],"predecessor-version":[{"id":4539,"href":"https:\/\/safundacio.es\/es\/wp-json\/wp\/v2\/posts\/4533\/revisions\/4539"}],"wp:featuredmedia":[{"embeddable":true,"href":"https:\/\/safundacio.es\/es\/wp-json\/wp\/v2\/media\/4534"}],"wp:attachment":[{"href":"https:\/\/safundacio.es\/es\/wp-json\/wp\/v2\/media?parent=4533"}],"wp:term":[{"taxonomy":"category","embeddable":true,"href":"https:\/\/safundacio.es\/es\/wp-json\/wp\/v2\/categories?post=4533"},{"taxonomy":"post_tag","embeddable":true,"href":"https:\/\/safundacio.es\/es\/wp-json\/wp\/v2\/tags?post=4533"}],"curies":[{"name":"wp","href":"https:\/\/api.w.org\/{rel}","templated":true}]}}