{"id":4520,"date":"2020-07-22T18:37:18","date_gmt":"2020-07-22T16:37:18","guid":{"rendered":"https:\/\/safundacio.es\/?p=4520"},"modified":"2020-07-22T21:30:47","modified_gmt":"2020-07-22T19:30:47","slug":"sa-fundacio-i-el-bisbe-de-mallorca-acorden-prioritzar-es-mallorqui-a-dins-lesglesia","status":"publish","type":"post","link":"https:\/\/safundacio.es\/es\/comunicacio\/sa-fundacio-i-el-bisbe-de-mallorca-acorden-prioritzar-es-mallorqui-a-dins-lesglesia\/","title":{"rendered":"Sa Fundaci\u00f3 y el obispo de Mallorca acuerdan priorizar las formas insulares en la Iglesia"},"content":{"rendered":"<p><\/p>\n<p style=\"text-align: center;\">Palma de Mallorca, 22 de julio de 2020<\/p>\n<p><em>Sa Fundaci\u00f3 entrega\u00a0al obispo de Mallorca un informe con documentos hist\u00f3ricos y obras religiosas del siglo XIX en las que ya se usaba el mallorqu\u00edn y el art\u00edculo salat<\/em><\/p>\n<p style=\"text-align: justify;\"><img loading=\"lazy\" decoding=\"async\" class=\"alignnone size-full wp-image-4524\" src=\"https:\/\/safundacio.es\/wp-content\/uploads\/2020\/07\/SaFundacio\u0301_BisbeTaltavull1.jpg\" alt=\"\" width=\"1200\" height=\"900\" srcset=\"https:\/\/safundacio.es\/wp-content\/uploads\/2020\/07\/SaFundacio\u0301_BisbeTaltavull1.jpg 1200w, https:\/\/safundacio.es\/wp-content\/uploads\/2020\/07\/SaFundacio\u0301_BisbeTaltavull1-300x225.jpg 300w, https:\/\/safundacio.es\/wp-content\/uploads\/2020\/07\/SaFundacio\u0301_BisbeTaltavull1-768x576.jpg 768w, https:\/\/safundacio.es\/wp-content\/uploads\/2020\/07\/SaFundacio\u0301_BisbeTaltavull1-1024x768.jpg 1024w, https:\/\/safundacio.es\/wp-content\/uploads\/2020\/07\/SaFundacio\u0301_BisbeTaltavull1-24x18.jpg 24w, https:\/\/safundacio.es\/wp-content\/uploads\/2020\/07\/SaFundacio\u0301_BisbeTaltavull1-36x27.jpg 36w, https:\/\/safundacio.es\/wp-content\/uploads\/2020\/07\/SaFundacio\u0301_BisbeTaltavull1-48x36.jpg 48w\" sizes=\"(max-width: 767px) 89vw, (max-width: 1000px) 54vw, (max-width: 1071px) 543px, 580px\" \/><\/p>\n<p>Sa Fundaci\u00f3 Jaume III ha llevado a cabo este mi\u00e9rcoles una reuni\u00f3n institucional con el obispo de Mallorca, Monse\u00f1or Taltavull. Han asistido el presidente de la entidad, Fernando Fortuny, la vicepresidenta primera y doctora en Historia antigua, Gari Dur\u00e1n, y el director de Sa Fundaci\u00f3, Joan Pons.<\/p>\n<p style=\"text-align: justify;\">Fortuny, Dur\u00e1n y Pons han presentado Sa Fundaci\u00f3 al obispo de Mallorca, una entidad cultural nacida a finales de 2013 con un objetivo muy claro: dignificar el mallorqu\u00edn, menorqu\u00edn e ibicenco. Han explicado que \u201cSa Fundaci\u00f3 no entra en debates est\u00e9riles, sino que hace una labor pr\u00e1ctica y efectiva en defensa del mallorqu\u00edn\u201d. \u201cEl\u00a0balear, el valenciano y\u00a0el catal\u00e1n forman parte\u00a0del mismo tronco\u00a0ling\u00fc\u00edstico. Precisamente por eso, defendemos el uso de las tres variedades ling\u00fc\u00edsticas de nuestro idioma en pie de igualdad, como defend\u00eda Moss\u00e8n Antoni M\u00aa Alcover\u201d.<\/p>\n<p style=\"text-align: justify;\">Sa Fundaci\u00f3 ha pedido a la Di\u00f3cesis de Mallorca \u201cque la liturgia\u00a0y las hojas parroquiales\u00a0sean en mallorqu\u00edn, para acostarse a los fieles de la isla\u201d. Proponen que \u201cla Iglesia vaya priorizando el mallorqu\u00edn oralmente y por escrito\u201d. La entidad tambi\u00e9n ha propuesto a la Iglesia de Mallorca que \u201cse anuncien las misas con el nombre de mallorqu\u00edn, as\u00ed como en Valencia se anuncian en valenciano\u201d.<\/p>\n<p style=\"text-align: justify;\">Por su parte, el obispo Taltavull se ha comprometido a priorizar las formas insulares dentro de la Di\u00f3cesis de Mallorca.<\/p>\n<p style=\"text-align: justify;\">Sa Fundaci\u00f3, que ya cuenta con m\u00e1s de 700 socios en todas las Baleares, tiene previsto iniciar una ronda de encuentros con las principales instituciones de las islas para perseverar en la dignificaci\u00f3n y la normalizaci\u00f3n del mallorqu\u00edn, menorqu\u00edn e ibicenco, de acuerdo con el art\u00edculo 35 del Estatuto, y dar a conocer la labor que se est\u00e1 llevando a cabo desde Sa Fundaci\u00f3.<\/p>\n<p>&nbsp;<\/p>\n<p style=\"text-align: center; background: white; margin: 0cm 0cm 18.0pt 0cm;\" align=\"center\"><span style=\"font-size: 11.5pt; font-family: 'avenir','serif'; color: #333333;\"><a href=\"https:\/\/safundacio.es\/col-labora\/fer-se-soci\/\"><b style=\"box-sizing: inherit;\"><i style=\"box-sizing: inherit;\"><span style=\"color: black;\">Sa Fundaci\u00f3 es una entidad sin \u00e1nimo de lucro creada en 2013 para la defensa y preservaci\u00f3n del mallorqu\u00edn, el menorqu\u00edn y el ibicenco<\/span><\/i><\/b><\/a><em style=\"box-sizing: inherit;\"><b style=\"box-sizing: inherit;\"><span style=\"font-family: 'avenir','serif';\">.<\/span><\/b><\/em><b style=\"box-sizing: inherit;\"><i style=\"box-sizing: inherit;\"><br style=\"box-sizing: inherit;\" \/><\/i><\/b><a style=\"box-sizing: inherit; box-shadow: #0f0f0f 0px -1px 0px inset; transition: color 80ms ease-in 0s, box-shadow 130ms ease-in-out 0s, -webkit-box-shadow 130ms ease-in-out 0s;\" href=\"https:\/\/safundacio.es\/col-labora\/fer-se-soci\/\" data-slimstat=\"5\"><b style=\"box-sizing: inherit;\"><i style=\"box-sizing: inherit;\"><span style=\"color: #222222; text-decoration: none; text-underline: none;\">\u00bfNos ayudas a defender nuestra lengua y cultura balear?<\/span><\/i><\/b><\/a><\/span><\/p>\n<p style=\"text-align: center; background: white; box-sizing: inherit; font-variant-ligatures: normal; font-variant-caps: normal; orphans: 2; widows: 2; -webkit-text-stroke-width: 0px; text-decoration-style: initial; text-decoration-color: initial; word-spacing: 0px; margin: 0cm 0cm 18.0pt 0cm;\" align=\"center\"><span style=\"font-size: 11.5pt; font-family: 'avenir','serif'; color: #333333;\">Las donaciones a Sa Fundaci\u00f3 tienen una deducci\u00f3n fiscal del 75% en los primeros 150\u20ac. Si donas 10\u20ac mensuales, \u00a1realmente no te costar\u00e1 ni 2\u20ac!<\/span><\/p>\n<p style=\"text-align: center; background: white; box-sizing: inherit; font-variant-ligatures: normal; font-variant-caps: normal; orphans: 2; widows: 2; -webkit-text-stroke-width: 0px; text-decoration-style: initial; text-decoration-color: initial; word-spacing: 0px; margin: 0cm 0cm 18.0pt 0cm;\" align=\"center\"><em style=\"box-sizing: inherit;\"><span style=\"font-size: 11.5pt; font-family: 'avenir','serif'; color: #333333;\">\u00a0H\u00e1zte socio de Sa Fundaci\u00f3 clicando\u00a0<\/span><\/em><span style=\"font-size: 11.5pt; font-family: 'avenir','serif'; color: #333333;\"><a style=\"box-sizing: inherit; box-shadow: #0f0f0f 0px -1px 0px inset; transition: color 80ms ease-in 0s, box-shadow 130ms ease-in-out 0s, -webkit-box-shadow 130ms ease-in-out 0s;\" href=\"https:\/\/safundacio.es\/col-labora\/fer-se-soci\/\" data-slimstat=\"5\"><i style=\"box-sizing: inherit;\"><span style=\"color: #222222; text-decoration: none; text-underline: none;\">aqu\u00ed<\/span><\/i><\/a><i style=\"box-sizing: inherit;\"><br style=\"box-sizing: inherit;\" \/><em style=\"box-sizing: inherit;\"><span style=\"font-family: 'avenir','serif';\">\u00a0<\/span><\/em><\/i><a style=\"box-sizing: inherit; box-shadow: #0f0f0f 0px -1px 0px inset; transition: color 80ms ease-in 0s, box-shadow 130ms ease-in-out 0s, -webkit-box-shadow 130ms ease-in-out 0s;\" href=\"https:\/\/safundacio.es\/col-labora\/fer-se-soci\/\" data-slimstat=\"5\"><i style=\"box-sizing: inherit;\"><span style=\"color: #222222; text-decoration: none; text-underline: none;\">https:\/\/safundacio.es\/col-labora\/fer-se-soci\/<\/span><\/i><\/a><\/span><\/p>\n<p><\/p>","protected":false},"excerpt":{"rendered":"<p>Palma de Mallorca, 22 de julio de 2020 Sa Fundaci\u00f3 entrega\u00a0al obispo de Mallorca un informe con documentos hist\u00f3ricos y obras religiosas del siglo XIX en las que ya se usaba el mallorqu\u00edn y el art\u00edculo salat Sa Fundaci\u00f3 Jaume III ha llevado a cabo este mi\u00e9rcoles una reuni\u00f3n institucional con el obispo de Mallorca, &hellip; <\/p>\n<p class=\"link-more\"><a href=\"https:\/\/safundacio.es\/es\/comunicacio\/sa-fundacio-i-el-bisbe-de-mallorca-acorden-prioritzar-es-mallorqui-a-dins-lesglesia\/\" class=\"more-link\">Continue reading<span class=\"screen-reader-text\"> &#8220;Sa Fundaci\u00f3 y el obispo de Mallorca acuerdan priorizar las formas insulares en la Iglesia&#8221;<\/span><\/a><\/p>\n","protected":false},"author":8,"featured_media":4524,"comment_status":"open","ping_status":"open","sticky":false,"template":"","format":"standard","meta":{"footnotes":""},"categories":[18,24],"tags":[177,185],"class_list":["post-4520","post","type-post","status-publish","format-standard","has-post-thumbnail","hentry","category-comunicacio","category-premsa","tag-mallorca-mallorqui-illesbalears","tag-safundacio-estimamlonostro"],"_links":{"self":[{"href":"https:\/\/safundacio.es\/es\/wp-json\/wp\/v2\/posts\/4520"}],"collection":[{"href":"https:\/\/safundacio.es\/es\/wp-json\/wp\/v2\/posts"}],"about":[{"href":"https:\/\/safundacio.es\/es\/wp-json\/wp\/v2\/types\/post"}],"author":[{"embeddable":true,"href":"https:\/\/safundacio.es\/es\/wp-json\/wp\/v2\/users\/8"}],"replies":[{"embeddable":true,"href":"https:\/\/safundacio.es\/es\/wp-json\/wp\/v2\/comments?post=4520"}],"version-history":[{"count":3,"href":"https:\/\/safundacio.es\/es\/wp-json\/wp\/v2\/posts\/4520\/revisions"}],"predecessor-version":[{"id":4526,"href":"https:\/\/safundacio.es\/es\/wp-json\/wp\/v2\/posts\/4520\/revisions\/4526"}],"wp:featuredmedia":[{"embeddable":true,"href":"https:\/\/safundacio.es\/es\/wp-json\/wp\/v2\/media\/4524"}],"wp:attachment":[{"href":"https:\/\/safundacio.es\/es\/wp-json\/wp\/v2\/media?parent=4520"}],"wp:term":[{"taxonomy":"category","embeddable":true,"href":"https:\/\/safundacio.es\/es\/wp-json\/wp\/v2\/categories?post=4520"},{"taxonomy":"post_tag","embeddable":true,"href":"https:\/\/safundacio.es\/es\/wp-json\/wp\/v2\/tags?post=4520"}],"curies":[{"name":"wp","href":"https:\/\/api.w.org\/{rel}","templated":true}]}}