{"id":4493,"date":"2020-03-11T12:56:25","date_gmt":"2020-03-11T11:56:25","guid":{"rendered":"https:\/\/safundacio.es\/?p=4493"},"modified":"2020-03-11T12:56:25","modified_gmt":"2020-03-11T11:56:25","slug":"sa-fundacio-posposa-es-sopar-des-vi-premi-joan-benejam-en-menorqui-per-prevencio-davant-savanc-des-coronavirus","status":"publish","type":"post","link":"https:\/\/safundacio.es\/es\/comunicacio\/sa-fundacio-posposa-es-sopar-des-vi-premi-joan-benejam-en-menorqui-per-prevencio-davant-savanc-des-coronavirus\/","title":{"rendered":"Sa Fundaci\u00f3 aplaza la cena del VI Premi Joan Benejam en menorqu\u00edn por prevenci\u00f3n ante el avance del coronavirus"},"content":{"rendered":"<p><em>Ciutadella de Menorca, 11 de marzo de 2020<\/em><\/p>\n<p>&nbsp;<\/p>\n<p style=\"text-align: justify;\">Ante la situaci\u00f3n de excepcionalidad que se est\u00e1 viviendo y siguiendo los criterios de las autoridades sanitarias sobre el aumento de contagios de coronavirus (COVID-19) durante las \u00faltimas horas en Espa\u00f1a, el comit\u00e9 insular y el patronato de Sa Fundaci\u00f3 han decidido aplazar sine die la cena y gala de entrega del VI Premi Joan Benejam de relatos breves en menorqu\u00edn.<\/p>\n<p style=\"text-align: justify;\">La Gala del Premi Joan Benejam, prevista para el s\u00e1bado 28 de marzo en el Restaurante Club N\u00e0utic de Ciutadella, es la celebraci\u00f3n literaria m\u00e1s importante de Menorca donde asisten cada a\u00f1o m\u00e1s de doscientas personas, entre ellas autoridades y personalidades del mundo pol\u00edtico, empresarial, social y cultural de Menorca y Baleares.<\/p>\n<p style=\"text-align: justify;\">El concurso literario tambi\u00e9n queda as\u00ed aplazado hasta nueva orden. Los participantes de esta sexta edici\u00f3n del Joan Benejam podr\u00e1n volver a enviar su obra, o bien tendr\u00e1n derecho a que se les conserve la que hayan enviado.<\/p>\n<p style=\"text-align: justify;\">El director de Sa Fundaci\u00f3, Joan Pons, ha asegurado que \u201cla voluntad del patronato de Sa Fundaci\u00f3 es velar por la salud de los socios y simpatizantes de Sa Fundaci\u00f3\u201d y que \u201cpor razones de precauci\u00f3n, responsabilidad y prudencia sanitaria, la cena del VI Premi Joan Benejam queda aplazado y se celebrar\u00e1 m\u00e1s adelante cuando las circunstancias sean favorables\u201d.<\/p>\n<p><\/p>","protected":false},"excerpt":{"rendered":"<p>Ciutadella de Menorca, 11 de marzo de 2020 &nbsp; Ante la situaci\u00f3n de excepcionalidad que se est\u00e1 viviendo y siguiendo los criterios de las autoridades sanitarias sobre el aumento de contagios de coronavirus (COVID-19) durante las \u00faltimas horas en Espa\u00f1a, el comit\u00e9 insular y el patronato de Sa Fundaci\u00f3 han decidido aplazar sine die la &hellip; <\/p>\n<p class=\"link-more\"><a href=\"https:\/\/safundacio.es\/es\/comunicacio\/sa-fundacio-posposa-es-sopar-des-vi-premi-joan-benejam-en-menorqui-per-prevencio-davant-savanc-des-coronavirus\/\" class=\"more-link\">Continue reading<span class=\"screen-reader-text\"> &#8220;Sa Fundaci\u00f3 aplaza la cena del VI Premi Joan Benejam en menorqu\u00edn por prevenci\u00f3n ante el avance del coronavirus&#8221;<\/span><\/a><\/p>\n","protected":false},"author":8,"featured_media":4458,"comment_status":"open","ping_status":"open","sticky":false,"template":"","format":"standard","meta":{"footnotes":""},"categories":[18,24],"tags":[177,161,184],"class_list":["post-4493","post","type-post","status-publish","format-standard","has-post-thumbnail","hentry","category-comunicacio","category-premsa","tag-mallorca-mallorqui-illesbalears","tag-menorqui-culturabalear","tag-vipremijoanbenejam"],"_links":{"self":[{"href":"https:\/\/safundacio.es\/es\/wp-json\/wp\/v2\/posts\/4493"}],"collection":[{"href":"https:\/\/safundacio.es\/es\/wp-json\/wp\/v2\/posts"}],"about":[{"href":"https:\/\/safundacio.es\/es\/wp-json\/wp\/v2\/types\/post"}],"author":[{"embeddable":true,"href":"https:\/\/safundacio.es\/es\/wp-json\/wp\/v2\/users\/8"}],"replies":[{"embeddable":true,"href":"https:\/\/safundacio.es\/es\/wp-json\/wp\/v2\/comments?post=4493"}],"version-history":[{"count":1,"href":"https:\/\/safundacio.es\/es\/wp-json\/wp\/v2\/posts\/4493\/revisions"}],"predecessor-version":[{"id":4494,"href":"https:\/\/safundacio.es\/es\/wp-json\/wp\/v2\/posts\/4493\/revisions\/4494"}],"wp:featuredmedia":[{"embeddable":true,"href":"https:\/\/safundacio.es\/es\/wp-json\/wp\/v2\/media\/4458"}],"wp:attachment":[{"href":"https:\/\/safundacio.es\/es\/wp-json\/wp\/v2\/media?parent=4493"}],"wp:term":[{"taxonomy":"category","embeddable":true,"href":"https:\/\/safundacio.es\/es\/wp-json\/wp\/v2\/categories?post=4493"},{"taxonomy":"post_tag","embeddable":true,"href":"https:\/\/safundacio.es\/es\/wp-json\/wp\/v2\/tags?post=4493"}],"curies":[{"name":"wp","href":"https:\/\/api.w.org\/{rel}","templated":true}]}}