{"id":4476,"date":"2020-02-16T14:47:11","date_gmt":"2020-02-16T13:47:11","guid":{"rendered":"https:\/\/safundacio.es\/?p=4476"},"modified":"2020-02-16T19:39:28","modified_gmt":"2020-02-16T18:39:28","slug":"sa-fundacio-umpl-es-casal-balaguer-per-sa-presentacio-des-petit-princep-en-mallorqui-amb-mes-de-100-persones","status":"publish","type":"post","link":"https:\/\/safundacio.es\/es\/comunicacio\/sa-fundacio-umpl-es-casal-balaguer-per-sa-presentacio-des-petit-princep-en-mallorqui-amb-mes-de-100-persones\/","title":{"rendered":"Sa Fundaci\u00f3 llena el Casal Balaguer en la presentaci\u00f3n de El Principito en mallorqu\u00edn con m\u00e1s de 100 personas"},"content":{"rendered":"<p><\/p>\n<p style=\"text-align: center;\"><strong><em>Sa<\/em><em> Fundaci\u00f3 apostar\u00e1 por la edici\u00f3n de literatura infantil en mallorqu\u00edn, menorqu\u00edn e ibicenco para contrarrestar el catal\u00e1n est\u00e1ndar en las escuelas \u2014 Ya se han vendido cerca de 500 ejemplares de El Principito en mallorqu\u00edn. El libro se puede comprar en la sede de Sa Fundaci\u00f3 y en las librer\u00edas de Palma<\/em><\/strong><\/p>\n<p style=\"text-align: justify;\"><img loading=\"lazy\" decoding=\"async\" class=\"alignnone size-full wp-image-4479\" src=\"https:\/\/safundacio.es\/wp-content\/uploads\/2020\/02\/Sa-Fundacio\u0301-Can-Balaguer-1.jpeg\" alt=\"\" width=\"1200\" height=\"443\" srcset=\"https:\/\/safundacio.es\/wp-content\/uploads\/2020\/02\/Sa-Fundacio\u0301-Can-Balaguer-1.jpeg 1200w, https:\/\/safundacio.es\/wp-content\/uploads\/2020\/02\/Sa-Fundacio\u0301-Can-Balaguer-1-300x111.jpeg 300w, https:\/\/safundacio.es\/wp-content\/uploads\/2020\/02\/Sa-Fundacio\u0301-Can-Balaguer-1-768x284.jpeg 768w, https:\/\/safundacio.es\/wp-content\/uploads\/2020\/02\/Sa-Fundacio\u0301-Can-Balaguer-1-1024x378.jpeg 1024w, https:\/\/safundacio.es\/wp-content\/uploads\/2020\/02\/Sa-Fundacio\u0301-Can-Balaguer-1-24x9.jpeg 24w, https:\/\/safundacio.es\/wp-content\/uploads\/2020\/02\/Sa-Fundacio\u0301-Can-Balaguer-1-36x13.jpeg 36w, https:\/\/safundacio.es\/wp-content\/uploads\/2020\/02\/Sa-Fundacio\u0301-Can-Balaguer-1-48x18.jpeg 48w\" sizes=\"(max-width: 767px) 89vw, (max-width: 1000px) 54vw, (max-width: 1071px) 543px, 580px\" \/> <img loading=\"lazy\" decoding=\"async\" class=\"alignnone size-full wp-image-4477\" src=\"https:\/\/safundacio.es\/wp-content\/uploads\/2020\/02\/Sa-Fundaci\u00f3-Can-Balaguer-2.jpeg\" alt=\"\" width=\"1200\" height=\"900\" srcset=\"https:\/\/safundacio.es\/wp-content\/uploads\/2020\/02\/Sa-Fundaci\u00f3-Can-Balaguer-2.jpeg 1200w, https:\/\/safundacio.es\/wp-content\/uploads\/2020\/02\/Sa-Fundaci\u00f3-Can-Balaguer-2-300x225.jpeg 300w, https:\/\/safundacio.es\/wp-content\/uploads\/2020\/02\/Sa-Fundaci\u00f3-Can-Balaguer-2-768x576.jpeg 768w, https:\/\/safundacio.es\/wp-content\/uploads\/2020\/02\/Sa-Fundaci\u00f3-Can-Balaguer-2-1024x768.jpeg 1024w, https:\/\/safundacio.es\/wp-content\/uploads\/2020\/02\/Sa-Fundaci\u00f3-Can-Balaguer-2-1600x1200.jpeg 1600w, https:\/\/safundacio.es\/wp-content\/uploads\/2020\/02\/Sa-Fundaci\u00f3-Can-Balaguer-2-24x18.jpeg 24w, https:\/\/safundacio.es\/wp-content\/uploads\/2020\/02\/Sa-Fundaci\u00f3-Can-Balaguer-2-36x27.jpeg 36w, https:\/\/safundacio.es\/wp-content\/uploads\/2020\/02\/Sa-Fundaci\u00f3-Can-Balaguer-2-48x36.jpeg 48w\" sizes=\"(max-width: 767px) 89vw, (max-width: 1000px) 54vw, (max-width: 1071px) 543px, 580px\" \/><\/p>\n<p style=\"text-align: justify;\">M\u00e1s de 100 personas llenaron el viernes el Casal Balaguer hasta la bandera para la presentaci\u00f3n de <em>El Principito<\/em> en mallorqu\u00edn, el cuento m\u00e1s popular y universal de la historia. Una iniciativa de la Fundaci\u00f3 Jaume III en colaboraci\u00f3n con el editor y coleccionista catal\u00e1n, Jaume Arbon\u00e9s.<\/p>\n<p style=\"text-align: justify;\">La obra fue presentada por Joan Pons, director de Sa Fundaci\u00f3, Sandra Amoraga, filologa mallorquina, licenciada en filolog\u00eda catalana y responsable de la traducci\u00f3n de la obra en mallorqu\u00edn, y Jaume Arbon\u00e9s, editor.<\/p>\n<p style=\"text-align: justify;\">Pons Torres anunci\u00f3 que \u201csi las instituciones p\u00fablicas siguen empecinadas con la marginaci\u00f3n del balear en la ense\u00f1anza, Sa Fundaci\u00f3 llevar\u00e1 a cabo publicaciones de car\u00e1cter infantil en mallorqu\u00edn, menorqu\u00edn e ibicenco para contrarrestar la imposici\u00f3n del catal\u00e1n central en las escuelas\u201d.<\/p>\n<p style=\"text-align: justify;\">Sandra Amoraga anim\u00f3 a todos los mallorquines a comprar, leer y difundir <em>El Principito <\/em>en mallorqu\u00edn, especialmente a aquellos padres y abuelos para que nuestra lengua siga viva de generaci\u00f3n en generaci\u00f3n.<\/p>\n<p style=\"text-align: justify;\">Jaume Arbon\u00e9s explic\u00f3 que \u201ces emocionante ver como el pueblo de Mallorca est\u00e1 despertando para reivindicar su patrimonio ling\u00fc\u00edstico. No tiene ni pies ni cabeza que en las escuelas de Baleares no se ense\u00f1en las modalidades insulares, un aut\u00e9ntico tesoro filol\u00f3gico\u201d.<\/p>\n<p style=\"text-align: justify;\">Ya se han vendido cerca de 500 ejemplares de <em>El Principito<\/em> en mallorqu\u00edn. El libro se puede comprar en la sede de Sa Fundaci\u00f3 (C\/ San El\u00edas 10 A, esquina con C\/ Olmos).\u00a0Se puede reservar llamando al 616 624 355 o a trav\u00e9s de <a href=\"mailto:info@safundacio.es\">info@safundacio.es<\/a>.<\/p>\n<p style=\"text-align: justify;\">Tambi\u00e9n se puede comprar en las siguientes librer\u00edas de Palma:<br \/>\n&#8211; Literanta<br \/>\n&#8211; La Librer\u00eda del Savoy<br \/>\n&#8211; Agapea<br \/>\n&#8211; La Biblioteca de Babel<br \/>\n&#8211; CaixaForum<br \/>\n&#8211; Librer\u00eda San Pablo<\/p>\n<p style=\"text-align: center;\"><strong><em><span class=\"_5mfr\"><span class=\"_6qdm\"><img decoding=\"async\" class=\"emoji aligncenter\" draggable=\"false\" src=\"https:\/\/s.w.org\/images\/core\/emoji\/11\/svg\/1f4e2.svg\" alt=\"&#x1f4e2;\" \/>\u00a0<\/span><\/span><a href=\"https:\/\/safundacio.es\/col-labora\/fer-se-soci\/\" data-slimstat=\"5\">Sa Fundaci\u00f3 es una entidad sin \u00e1nimo de lucro creada en 2013 para la defensa y preservaci\u00f3n del mallorqu\u00edn, el menorqu\u00edn y el ibicenco<\/a>.<br \/>\n<\/em><em><a href=\"https:\/\/safundacio.es\/col-labora\/fer-se-soci\/\" data-slimstat=\"5\">\u00bfNos ayudas a defender nuestra lengua y cultura balear?<\/a><\/em><\/strong><\/p>\n<p style=\"text-align: center;\">Las donaciones a Sa Fundaci\u00f3 tienen una deducci\u00f3n fiscal del 75% en los primeros 150\u20ac. Si donas 10\u20ac mensuales, \u00a1realmente no te costar\u00e1 ni 2\u20ac!<\/p>\n<p style=\"text-align: center;\"><img decoding=\"async\" class=\"emoji\" draggable=\"false\" src=\"https:\/\/s.w.org\/images\/core\/emoji\/11\/svg\/2705.svg\" alt=\"&#x2705;\" \/><em>\u00a0H\u00e1zte socio de Sa Fundaci\u00f3 clicando\u00a0<a href=\"https:\/\/safundacio.es\/col-labora\/fer-se-soci\/\" data-slimstat=\"5\">aqu\u00ed<\/a><br \/>\n<img decoding=\"async\" class=\"emoji\" draggable=\"false\" src=\"https:\/\/s.w.org\/images\/core\/emoji\/11\/svg\/1f449-1f3fb.svg\" alt=\"&#x1f449;&#x1f3fb;\" \/>\u00a0<a href=\"https:\/\/safundacio.es\/col-labora\/fer-se-soci\/\" data-slimstat=\"5\">https:\/\/safundacio.es\/col-labora\/fer-se-soci\/<\/a><\/em><\/p>\n<p><\/p>","protected":false},"excerpt":{"rendered":"<p>Sa Fundaci\u00f3 apostar\u00e1 por la edici\u00f3n de literatura infantil en mallorqu\u00edn, menorqu\u00edn e ibicenco para contrarrestar el catal\u00e1n est\u00e1ndar en las escuelas \u2014 Ya se han vendido cerca de 500 ejemplares de El Principito en mallorqu\u00edn. El libro se puede comprar en la sede de Sa Fundaci\u00f3 y en las librer\u00edas de Palma M\u00e1s de &hellip; <\/p>\n<p class=\"link-more\"><a href=\"https:\/\/safundacio.es\/es\/comunicacio\/sa-fundacio-umpl-es-casal-balaguer-per-sa-presentacio-des-petit-princep-en-mallorqui-amb-mes-de-100-persones\/\" class=\"more-link\">Continue reading<span class=\"screen-reader-text\"> &#8220;Sa Fundaci\u00f3 llena el Casal Balaguer en la presentaci\u00f3n de El Principito en mallorqu\u00edn con m\u00e1s de 100 personas&#8221;<\/span><\/a><\/p>\n","protected":false},"author":8,"featured_media":4479,"comment_status":"open","ping_status":"open","sticky":false,"template":"","format":"standard","meta":{"footnotes":""},"categories":[18,24],"tags":[119,182,177,163,162,53,164,183,165],"class_list":["post-4476","post","type-post","status-publish","format-standard","has-post-thumbnail","hentry","category-comunicacio","category-premsa","tag-culturabalear","tag-espetitprincep","tag-mallorca-mallorqui-illesbalears","tag-el-principito","tag-es-petit-princep","tag-estimamlonostro","tag-jaume-arbones","tag-joan-pons-torres","tag-sandra-amoraga"],"_links":{"self":[{"href":"https:\/\/safundacio.es\/es\/wp-json\/wp\/v2\/posts\/4476"}],"collection":[{"href":"https:\/\/safundacio.es\/es\/wp-json\/wp\/v2\/posts"}],"about":[{"href":"https:\/\/safundacio.es\/es\/wp-json\/wp\/v2\/types\/post"}],"author":[{"embeddable":true,"href":"https:\/\/safundacio.es\/es\/wp-json\/wp\/v2\/users\/8"}],"replies":[{"embeddable":true,"href":"https:\/\/safundacio.es\/es\/wp-json\/wp\/v2\/comments?post=4476"}],"version-history":[{"count":6,"href":"https:\/\/safundacio.es\/es\/wp-json\/wp\/v2\/posts\/4476\/revisions"}],"predecessor-version":[{"id":4484,"href":"https:\/\/safundacio.es\/es\/wp-json\/wp\/v2\/posts\/4476\/revisions\/4484"}],"wp:featuredmedia":[{"embeddable":true,"href":"https:\/\/safundacio.es\/es\/wp-json\/wp\/v2\/media\/4479"}],"wp:attachment":[{"href":"https:\/\/safundacio.es\/es\/wp-json\/wp\/v2\/media?parent=4476"}],"wp:term":[{"taxonomy":"category","embeddable":true,"href":"https:\/\/safundacio.es\/es\/wp-json\/wp\/v2\/categories?post=4476"},{"taxonomy":"post_tag","embeddable":true,"href":"https:\/\/safundacio.es\/es\/wp-json\/wp\/v2\/tags?post=4476"}],"curies":[{"name":"wp","href":"https:\/\/api.w.org\/{rel}","templated":true}]}}