{"id":4473,"date":"2020-02-13T18:54:38","date_gmt":"2020-02-13T17:54:38","guid":{"rendered":"https:\/\/safundacio.es\/?p=4473"},"modified":"2020-02-13T18:56:13","modified_gmt":"2020-02-13T17:56:13","slug":"sa-fundacio-presenta-es-petit-princep-en-mallorqui-una-aposta-per-sa-literatura-infantil-en-ses-modalitats-insulars","status":"publish","type":"post","link":"https:\/\/safundacio.es\/es\/comunicacio\/sa-fundacio-presenta-es-petit-princep-en-mallorqui-una-aposta-per-sa-literatura-infantil-en-ses-modalitats-insulars\/","title":{"rendered":"Sa Fundaci\u00f3 presenta El Principito en mallorqu\u00edn. Una apuesta por la literatura infantil en las modalidades insulares"},"content":{"rendered":"<p><\/p>\n<p style=\"text-align: center;\"><strong><em>La presentaci\u00f3n ser\u00e1 ma\u00f1ana viernes 14 de febrero a las 20 horas en el Casal Balaguer (C\/ Uni\u00f3 n\u00ba 3) \u2014 Ya se han vendido m\u00e1s de 400 ejemplares de El Principito en mallorqu\u00edn. El libro se puede comprar en la sede de Sa Fundaci\u00f3 y en las librer\u00edas de Palma<\/em><\/strong><\/p>\n<p style=\"text-align: justify;\">El cuento m\u00e1s popular y universal de la historia ya tiene edici\u00f3n en mallorqu\u00edn y ser\u00e1 presentada por la Fundaci\u00f3 Jaume III ma\u00f1ana viernes 14 de febrero a las 20 horas en el Casal Balaguer (C\/ Uni\u00f3 n\u00ba 3).\u00a0<em>Es Petit Princep<\/em> ha sido una iniciativa del editor catal\u00e1n, Jaume Arbon\u00e9s, en colaboraci\u00f3n con Sa Fundaci\u00f3.<\/p>\n<p style=\"text-align: justify;\">La obra ser\u00e1 presentada por Joan Pons, director de Sa Fundaci\u00f3, Sandra Amoraga, fil\u00f3loga mallorquina, licenciada en filolog\u00eda catalana y responsable de la traducci\u00f3n de la obra en mallorqu\u00edn, y Jaume Arbon\u00e9s, editor.<\/p>\n<p style=\"text-align: justify;\">Ya se han vendido m\u00e1s de 400 ejemplares de <em>El Principito<\/em> en mallorqu\u00edn. El libro se puede comprar en la sede de Sa Fundaci\u00f3 (C\/ San El\u00edas 10 A, esquina con C\/ Olmos).\u00a0Se puede reservar llamando al 616 624 355 o a trav\u00e9s de <a href=\"mailto:info@safundacio.es\">info@safundacio.es<\/a>.<\/p>\n<p>Tambi\u00e9n se puede comprar en las siguientes librer\u00edas de Palma:<br \/>\n&#8211; Literanta<br \/>\n&#8211; La Librer\u00eda del Savoy<br \/>\n&#8211; Agapea<br \/>\n&#8211; La Biblioteca de Babel<br \/>\n&#8211; CaixaForum<\/p>\n<p>&nbsp;<\/p>\n<p><em>Palma de Mallorca, <\/em><em>13 de <\/em><em>febrero de 2020<\/em><\/p>\n<p><em>Sa Fundaci\u00f3<\/em><\/p>\n<p>&nbsp;<\/p>\n<p style=\"text-align: center; background: white; margin: 0cm 0cm 18.0pt 0cm;\" align=\"center\"><a href=\"https:\/\/safundacio.es\/col-labora\/fer-se-soci\/\"><b><i><span style=\"font-size: 11.5pt; font-family: 'avenir','serif'; color: black;\">Sa Fundaci\u00f3 es una entidad sin \u00e1nimo de lucro creada en 2013 para la defensa y preservaci\u00f3n del mallorqu\u00edn, el menorqu\u00edn y el ibicenco<\/span><\/i><\/b><\/a><em><b><span style=\"font-size: 11.5pt; font-family: 'avenir','serif'; color: #333333;\">.<\/span><\/b><\/em><b><i><span style=\"font-size: 11.5pt; font-family: 'avenir','serif'; color: #333333;\"><br \/>\n<\/span><\/i><\/b><a href=\"https:\/\/safundacio.es\/col-labora\/fer-se-soci\/\"><b><i><span style=\"font-size: 11.5pt; font-family: 'avenir','serif'; color: #222222;\">\u00bfNos ayudas a defender nuestra lengua y cultura balear?<\/span><\/i><\/b><\/a><\/p>\n<p style=\"text-align: center; background: white; margin: 0cm 0cm 18.0pt 0cm;\" align=\"center\"><span style=\"font-size: 11.5pt; font-family: 'avenir','serif'; color: #333333;\">Las donaciones a Sa Fundaci\u00f3 tienen una deducci\u00f3n fiscal del 75% en los primeros 150\u20ac. Si donas 10\u20ac mensuales, \u00a1realmente no te costar\u00e1 ni 2\u20ac!<\/span><\/p>\n<p style=\"text-align: center; background: white; margin: 0cm 0cm 18.0pt 0cm;\" align=\"center\"><span style=\"font-size: 11.5pt; font-family: 'avenir','serif'; color: #333333;\"> <em><span style=\"font-family: 'avenir','serif';\">\u00a0H\u00e1zte socio de Sa Fundaci\u00f3 clicando\u00a0<\/span><\/em><\/span><a href=\"https:\/\/safundacio.es\/col-labora\/fer-se-soci\/\"><i><span style=\"font-size: 11.5pt; font-family: 'avenir','serif'; color: #222222;\">aqu\u00ed<\/span><\/i><\/a><i><span style=\"font-size: 11.5pt; font-family: 'avenir','serif'; color: #333333;\"><br \/>\n<em><span style=\"font-family: 'avenir','serif';\">\u00a0<\/span><\/em><\/span><\/i><a href=\"https:\/\/safundacio.es\/col-labora\/fer-se-soci\/\"><i><span style=\"font-size: 11.5pt; font-family: 'avenir','serif'; color: #222222;\">https:\/\/safundacio.es\/col-labora\/fer-se-soci\/<\/span><\/i><\/a><\/p>\n<p><\/p>","protected":false},"excerpt":{"rendered":"<p>La presentaci\u00f3n ser\u00e1 ma\u00f1ana viernes 14 de febrero a las 20 horas en el Casal Balaguer (C\/ Uni\u00f3 n\u00ba 3) \u2014 Ya se han vendido m\u00e1s de 400 ejemplares de El Principito en mallorqu\u00edn. El libro se puede comprar en la sede de Sa Fundaci\u00f3 y en las librer\u00edas de Palma El cuento m\u00e1s popular &hellip; <\/p>\n<p class=\"link-more\"><a href=\"https:\/\/safundacio.es\/es\/comunicacio\/sa-fundacio-presenta-es-petit-princep-en-mallorqui-una-aposta-per-sa-literatura-infantil-en-ses-modalitats-insulars\/\" class=\"more-link\">Continue reading<span class=\"screen-reader-text\"> &#8220;Sa Fundaci\u00f3 presenta El Principito en mallorqu\u00edn. Una apuesta por la literatura infantil en las modalidades insulares&#8221;<\/span><\/a><\/p>\n","protected":false},"author":8,"featured_media":0,"comment_status":"open","ping_status":"open","sticky":false,"template":"","format":"standard","meta":{"footnotes":""},"categories":[18,24],"tags":[182,177,53],"class_list":["post-4473","post","type-post","status-publish","format-standard","hentry","category-comunicacio","category-premsa","tag-espetitprincep","tag-mallorca-mallorqui-illesbalears","tag-estimamlonostro"],"_links":{"self":[{"href":"https:\/\/safundacio.es\/es\/wp-json\/wp\/v2\/posts\/4473"}],"collection":[{"href":"https:\/\/safundacio.es\/es\/wp-json\/wp\/v2\/posts"}],"about":[{"href":"https:\/\/safundacio.es\/es\/wp-json\/wp\/v2\/types\/post"}],"author":[{"embeddable":true,"href":"https:\/\/safundacio.es\/es\/wp-json\/wp\/v2\/users\/8"}],"replies":[{"embeddable":true,"href":"https:\/\/safundacio.es\/es\/wp-json\/wp\/v2\/comments?post=4473"}],"version-history":[{"count":2,"href":"https:\/\/safundacio.es\/es\/wp-json\/wp\/v2\/posts\/4473\/revisions"}],"predecessor-version":[{"id":4475,"href":"https:\/\/safundacio.es\/es\/wp-json\/wp\/v2\/posts\/4473\/revisions\/4475"}],"wp:attachment":[{"href":"https:\/\/safundacio.es\/es\/wp-json\/wp\/v2\/media?parent=4473"}],"wp:term":[{"taxonomy":"category","embeddable":true,"href":"https:\/\/safundacio.es\/es\/wp-json\/wp\/v2\/categories?post=4473"},{"taxonomy":"post_tag","embeddable":true,"href":"https:\/\/safundacio.es\/es\/wp-json\/wp\/v2\/tags?post=4473"}],"curies":[{"name":"wp","href":"https:\/\/api.w.org\/{rel}","templated":true}]}}