{"id":4276,"date":"2018-11-13T16:25:57","date_gmt":"2018-11-13T15:25:57","guid":{"rendered":"https:\/\/safundacio.es\/?p=4276"},"modified":"2018-11-23T12:30:09","modified_gmt":"2018-11-23T11:30:09","slug":"tutzo-consulting-services-donara-es-10-des-seus-ingressos-a-sa-fundacio-per-promoure-sa-llengua-i-cultura-balear","status":"publish","type":"post","link":"https:\/\/safundacio.es\/es\/comunicacio\/tutzo-consulting-services-donara-es-10-des-seus-ingressos-a-sa-fundacio-per-promoure-sa-llengua-i-cultura-balear\/","title":{"rendered":"Tutz\u00f3 Consulting Services donar\u00e0 es 10% des seus ingressos a Sa Fundaci\u00f3 per promoure sa llengua i cultura balear"},"content":{"rendered":"<p style=\"text-align: justify;\">Sa Fundaci\u00f3 Jaume III i Tutz\u00f3 Consulting Services han firmat un conveni de col\u00b7laboraci\u00f3 basat en es seg\u00fcents acords:<\/p>\n<p style=\"text-align: justify;\">Tutz\u00f3 Consulting Services ofereix un estudi energ\u00e8tic gratu\u00eft an es socis i empreses col\u00b7laboradores de Sa Fundaci\u00f3 per assessorar-los i informar-los sobre si lo que estan pagant \u00e9s just d\u2019acord amb sa tarifa d\u2019energia i pot\u00e8ncia, oferint una alternativa per conseguir un important estalvi econ\u00f2mic amb sa factura energ\u00e8tica.<img loading=\"lazy\" decoding=\"async\" class=\"alignnone size-large wp-image-4277\" src=\"https:\/\/safundacio.es\/wp-content\/uploads\/2018\/11\/thumbnail_IMG_6159-1024x781.jpg\" alt=\"\" width=\"525\" height=\"400\" srcset=\"https:\/\/safundacio.es\/wp-content\/uploads\/2018\/11\/thumbnail_IMG_6159-1024x781.jpg 1024w, https:\/\/safundacio.es\/wp-content\/uploads\/2018\/11\/thumbnail_IMG_6159-300x229.jpg 300w, https:\/\/safundacio.es\/wp-content\/uploads\/2018\/11\/thumbnail_IMG_6159-768x586.jpg 768w, https:\/\/safundacio.es\/wp-content\/uploads\/2018\/11\/thumbnail_IMG_6159-24x18.jpg 24w, https:\/\/safundacio.es\/wp-content\/uploads\/2018\/11\/thumbnail_IMG_6159-36x27.jpg 36w, https:\/\/safundacio.es\/wp-content\/uploads\/2018\/11\/thumbnail_IMG_6159-48x37.jpg 48w, https:\/\/safundacio.es\/wp-content\/uploads\/2018\/11\/thumbnail_IMG_6159.jpg 1200w\" sizes=\"(max-width: 525px) 100vw, 525px\" \/><\/p>\n<p style=\"text-align: justify;\">Aix\u00ed, mentres empresaris i col\u00b7laboradors de Sa Fundaci\u00f3 se podran veure beneficiats per un important estalvi econ\u00f2mic amb sa seva factura energ\u00e8tica, Tutz\u00f3 Consulting Services donar\u00e0 a Sa Fundaci\u00f3 es 10% des seus ingressos generats per col\u00b7laboradors de sa Fundaci\u00f3 Jaume III que se destinaran an es projectes de s\u2019entitat per promoure sa llengua i cultura balear.<\/p>\n<p style=\"text-align: justify;\">Tutz\u00f3 Consulting Services, dirigida per s\u2019emprenedor mahon\u00e8s Francisco Tutz\u00f3 Escudero, \u00e9s una nova empresa col\u00b7laboradora de sa cultura balear, exemple de comprom\u00eds amb sa nostra terra i amb sa nostra ancestral her\u00e8ncia cultural.<\/p>\n","protected":false},"excerpt":{"rendered":"<p>Sa Fundaci\u00f3 Jaume III i Tutz\u00f3 Consulting Services han firmat un conveni de col\u00b7laboraci\u00f3 basat en es seg\u00fcents acords: Tutz\u00f3 Consulting Services ofereix un estudi energ\u00e8tic gratu\u00eft an es socis i empreses col\u00b7laboradores de Sa Fundaci\u00f3 per assessorar-los i informar-los sobre si lo que estan pagant \u00e9s just d\u2019acord amb sa tarifa d\u2019energia i pot\u00e8ncia, &hellip; <\/p>\n<p class=\"link-more\"><a href=\"https:\/\/safundacio.es\/es\/comunicacio\/tutzo-consulting-services-donara-es-10-des-seus-ingressos-a-sa-fundacio-per-promoure-sa-llengua-i-cultura-balear\/\" class=\"more-link\">Continue reading<span class=\"screen-reader-text\"> &#8220;Tutz\u00f3 Consulting Services donar\u00e0 es 10% des seus ingressos a Sa Fundaci\u00f3 per promoure sa llengua i cultura balear&#8221;<\/span><\/a><\/p>\n","protected":false},"author":8,"featured_media":4277,"comment_status":"open","ping_status":"open","sticky":false,"template":"","format":"standard","meta":{"footnotes":""},"categories":[18,19,24],"tags":[119,53,54,49],"class_list":["post-4276","post","type-post","status-publish","format-standard","has-post-thumbnail","hentry","category-comunicacio","category-noticies","category-premsa","tag-culturabalear","tag-estimamlonostro","tag-illesbalears","tag-safundacio"],"_links":{"self":[{"href":"https:\/\/safundacio.es\/es\/wp-json\/wp\/v2\/posts\/4276"}],"collection":[{"href":"https:\/\/safundacio.es\/es\/wp-json\/wp\/v2\/posts"}],"about":[{"href":"https:\/\/safundacio.es\/es\/wp-json\/wp\/v2\/types\/post"}],"author":[{"embeddable":true,"href":"https:\/\/safundacio.es\/es\/wp-json\/wp\/v2\/users\/8"}],"replies":[{"embeddable":true,"href":"https:\/\/safundacio.es\/es\/wp-json\/wp\/v2\/comments?post=4276"}],"version-history":[{"count":0,"href":"https:\/\/safundacio.es\/es\/wp-json\/wp\/v2\/posts\/4276\/revisions"}],"wp:featuredmedia":[{"embeddable":true,"href":"https:\/\/safundacio.es\/es\/wp-json\/wp\/v2\/media\/4277"}],"wp:attachment":[{"href":"https:\/\/safundacio.es\/es\/wp-json\/wp\/v2\/media?parent=4276"}],"wp:term":[{"taxonomy":"category","embeddable":true,"href":"https:\/\/safundacio.es\/es\/wp-json\/wp\/v2\/categories?post=4276"},{"taxonomy":"post_tag","embeddable":true,"href":"https:\/\/safundacio.es\/es\/wp-json\/wp\/v2\/tags?post=4276"}],"curies":[{"name":"wp","href":"https:\/\/api.w.org\/{rel}","templated":true}]}}