{"id":4271,"date":"2018-11-09T18:25:58","date_gmt":"2018-11-09T17:25:58","guid":{"rendered":"https:\/\/safundacio.es\/?p=4271"},"modified":"2018-11-13T12:59:19","modified_gmt":"2018-11-13T11:59:19","slug":"sa-fundacio-jaume-iii-denuncia-que-enguany-no-shagi-celebrat-sa-fira-des-llibre-menorqui-pero-si-sa-fira-des-llibre-en-catala","status":"publish","type":"post","link":"https:\/\/safundacio.es\/es\/comunicacio\/sa-fundacio-jaume-iii-denuncia-que-enguany-no-shagi-celebrat-sa-fira-des-llibre-menorqui-pero-si-sa-fira-des-llibre-en-catala\/","title":{"rendered":"Sa Fundaci\u00f3 Jaume III denuncia que enguany no s\u2019hagi celebrat sa Fira des Llibre Menorqu\u00ed, per\u00f2 s\u00ed sa Fira des Llibre en catal\u00e0"},"content":{"rendered":"<p style=\"text-align: justify;\"><em>Sa Fundaci\u00f3 exigeix una explicaci\u00f3 a s\u2019Ajuntament de Ciutadella i an es Consell insular de Menorca que, en canvi, s\u00ed s\u2019ha preocupat d\u2019organisar sa Fira des Llibre en catal\u00e0<\/em> \u2014 <em>S\u2019entitat es lamenta de s\u2019en\u00e8ssima mostra d\u2019animadversi\u00f3 de ses institucions p\u00fabliques cap a sa promoci\u00f3 de sa menorquinitat<\/em><\/p>\n<p style=\"text-align: justify;\">\n<p style=\"text-align: justify;\">Sa Fundaci\u00f3 Jaume III lamenta que enguany no s\u2019hagi celebrat sa Fira des Llibre Menorqu\u00ed, una cita que s\u2019havia convertit en una refer\u00e8ncia per impulsar sa literatura menorquina, i que s\u2019Ajuntament de Ciutadella encara a dia d\u2019avui no hagi dat cap explicaci\u00f3.<\/p>\n<p style=\"text-align: justify;\">No obstant, es Consell insular de Menorca s\u00ed que s\u2019ha preocupat d\u2019organisar sa Fira des Llibre en catal\u00e0. Segons Sa Fundaci\u00f3, es tracta de s\u2019en\u00e8ssima mostra d\u2019animadversi\u00f3 de ses institucions p\u00fabliques cap a sa promoci\u00f3 de sa menorquinitat.<\/p>\n<p style=\"text-align: justify;\">Adem\u00e9s, Sa Fundaci\u00f3 lamenta que no ha rebut resposta per part des Consell insular an es seu oferiment per elaborar un pla d\u2019acci\u00f3 per promoure sa riquesa ling\u00fc\u00edstica de Menorca. Sa mateixa entitat segueix esperant resposta per una audi\u00e8ncia amb sa presidenta des Consell, Susana Mora, des de fa prop de quatre mesos.<\/p>\n<p style=\"text-align: justify;\"><img loading=\"lazy\" decoding=\"async\" class=\"alignnone size-large wp-image-4272\" src=\"https:\/\/safundacio.es\/wp-content\/uploads\/2018\/11\/IMG-20170422-WA0015-1024x768.jpg\" alt=\"\" width=\"525\" height=\"394\" srcset=\"https:\/\/safundacio.es\/wp-content\/uploads\/2018\/11\/IMG-20170422-WA0015-1024x768.jpg 1024w, https:\/\/safundacio.es\/wp-content\/uploads\/2018\/11\/IMG-20170422-WA0015-300x225.jpg 300w, https:\/\/safundacio.es\/wp-content\/uploads\/2018\/11\/IMG-20170422-WA0015-768x576.jpg 768w, https:\/\/safundacio.es\/wp-content\/uploads\/2018\/11\/IMG-20170422-WA0015-1600x1200.jpg 1600w, https:\/\/safundacio.es\/wp-content\/uploads\/2018\/11\/IMG-20170422-WA0015-24x18.jpg 24w, https:\/\/safundacio.es\/wp-content\/uploads\/2018\/11\/IMG-20170422-WA0015-36x27.jpg 36w, https:\/\/safundacio.es\/wp-content\/uploads\/2018\/11\/IMG-20170422-WA0015-48x36.jpg 48w, https:\/\/safundacio.es\/wp-content\/uploads\/2018\/11\/IMG-20170422-WA0015.jpg 1200w\" sizes=\"(max-width: 525px) 100vw, 525px\" \/>Sa Fundaci\u00f3 Jaume III recorda an es Consell insular i an ets ajuntaments de Menorca que, d\u2019acord amb s\u2019article 35 de s\u2019Estatut d\u2019Autonomia, \u201cses modalitats insulars han de ser objecte d\u2019especial estudi i protecci\u00f3\u201d. Fet que ses autoritats no compleixen com se demostra. Abandonen sa Fira des Llibre Menorqu\u00ed, i impulsen sa Fira des Llibre en catal\u00e0 sense cap refer\u00e8ncia ni una an es menorqu\u00ed \u2014que \u00e9s com hist\u00f2ricament li hem dit es menorquins a sa nostra llengua\u2014 o an es \u201ccatal\u00e0 de Menorca\u201d que tant apel\u00b7len des des Consell per\u00f2 mai promouen.<\/p>\n<p style=\"text-align: justify;\">\n<p style=\"text-align: justify;\"><em>Ciutadella de Menorca, <\/em><em>9 <\/em><em>de novembre de 2018<\/em><\/p>\n<p style=\"text-align: justify;\"><em>Sa Fundaci\u00f3 <\/em><em>Fundaci\u00f3 Jaume III de ses Illes Balears<\/em><\/p>\n<p style=\"text-align: justify;\">\n<p>&nbsp;<\/p>\n","protected":false},"excerpt":{"rendered":"<p>Sa Fundaci\u00f3 exigeix una explicaci\u00f3 a s\u2019Ajuntament de Ciutadella i an es Consell insular de Menorca que, en canvi, s\u00ed s\u2019ha preocupat d\u2019organisar sa Fira des Llibre en catal\u00e0 \u2014 S\u2019entitat es lamenta de s\u2019en\u00e8ssima mostra d\u2019animadversi\u00f3 de ses institucions p\u00fabliques cap a sa promoci\u00f3 de sa menorquinitat Sa Fundaci\u00f3 Jaume III lamenta que enguany &hellip; <\/p>\n<p class=\"link-more\"><a href=\"https:\/\/safundacio.es\/es\/comunicacio\/sa-fundacio-jaume-iii-denuncia-que-enguany-no-shagi-celebrat-sa-fira-des-llibre-menorqui-pero-si-sa-fira-des-llibre-en-catala\/\" class=\"more-link\">Continue reading<span class=\"screen-reader-text\"> &#8220;Sa Fundaci\u00f3 Jaume III denuncia que enguany no s\u2019hagi celebrat sa Fira des Llibre Menorqu\u00ed, per\u00f2 s\u00ed sa Fira des Llibre en catal\u00e0&#8221;<\/span><\/a><\/p>\n","protected":false},"author":8,"featured_media":4272,"comment_status":"open","ping_status":"open","sticky":false,"template":"","format":"standard","meta":{"footnotes":""},"categories":[18,24],"tags":[124,55,53,54,49],"class_list":["post-4271","post","type-post","status-publish","format-standard","has-post-thumbnail","hentry","category-comunicacio","category-premsa","tag-diadesllibremenorqui","tag-cultura","tag-estimamlonostro","tag-illesbalears","tag-safundacio"],"_links":{"self":[{"href":"https:\/\/safundacio.es\/es\/wp-json\/wp\/v2\/posts\/4271"}],"collection":[{"href":"https:\/\/safundacio.es\/es\/wp-json\/wp\/v2\/posts"}],"about":[{"href":"https:\/\/safundacio.es\/es\/wp-json\/wp\/v2\/types\/post"}],"author":[{"embeddable":true,"href":"https:\/\/safundacio.es\/es\/wp-json\/wp\/v2\/users\/8"}],"replies":[{"embeddable":true,"href":"https:\/\/safundacio.es\/es\/wp-json\/wp\/v2\/comments?post=4271"}],"version-history":[{"count":0,"href":"https:\/\/safundacio.es\/es\/wp-json\/wp\/v2\/posts\/4271\/revisions"}],"wp:featuredmedia":[{"embeddable":true,"href":"https:\/\/safundacio.es\/es\/wp-json\/wp\/v2\/media\/4272"}],"wp:attachment":[{"href":"https:\/\/safundacio.es\/es\/wp-json\/wp\/v2\/media?parent=4271"}],"wp:term":[{"taxonomy":"category","embeddable":true,"href":"https:\/\/safundacio.es\/es\/wp-json\/wp\/v2\/categories?post=4271"},{"taxonomy":"post_tag","embeddable":true,"href":"https:\/\/safundacio.es\/es\/wp-json\/wp\/v2\/tags?post=4271"}],"curies":[{"name":"wp","href":"https:\/\/api.w.org\/{rel}","templated":true}]}}