{"id":4259,"date":"2018-11-02T19:09:25","date_gmt":"2018-11-02T18:09:25","guid":{"rendered":"https:\/\/safundacio.es\/?p=4259"},"modified":"2018-11-05T08:13:24","modified_gmt":"2018-11-05T07:13:24","slug":"sa-fundacio-jaume-iii-denuncia-un-atac-catalanista-a-sa-creu-del-rei-jaume-iii-a-llucmajor","status":"publish","type":"post","link":"https:\/\/safundacio.es\/es\/comunicacio\/sa-fundacio-jaume-iii-denuncia-un-atac-catalanista-a-sa-creu-del-rei-jaume-iii-a-llucmajor\/","title":{"rendered":"Sa Fundaci\u00f3 Jaume III denuncia un atac catalanista a sa creu del Rei Jaume III a Llucmajor"},"content":{"rendered":"<p style=\"text-align: justify;\"><img loading=\"lazy\" decoding=\"async\" class=\"alignnone size-large wp-image-4260\" src=\"https:\/\/safundacio.es\/wp-content\/uploads\/2018\/11\/Atac_catalanista_CreuJaumeIII-768x1024.jpg\" alt=\"\" width=\"525\" height=\"700\" srcset=\"https:\/\/safundacio.es\/wp-content\/uploads\/2018\/11\/Atac_catalanista_CreuJaumeIII-768x1024.jpg 768w, https:\/\/safundacio.es\/wp-content\/uploads\/2018\/11\/Atac_catalanista_CreuJaumeIII-225x300.jpg 225w, https:\/\/safundacio.es\/wp-content\/uploads\/2018\/11\/Atac_catalanista_CreuJaumeIII-18x24.jpg 18w, https:\/\/safundacio.es\/wp-content\/uploads\/2018\/11\/Atac_catalanista_CreuJaumeIII-27x36.jpg 27w, https:\/\/safundacio.es\/wp-content\/uploads\/2018\/11\/Atac_catalanista_CreuJaumeIII-36x48.jpg 36w, https:\/\/safundacio.es\/wp-content\/uploads\/2018\/11\/Atac_catalanista_CreuJaumeIII.jpg 1133w\" sizes=\"(max-width: 525px) 100vw, 525px\" \/><\/p>\n<p><i>Sa Fundaci\u00f3 exigeix a s\u2019Ajuntament de Llucmajor i an es Consell de Mallorca sa restituci\u00f3 oficial de s\u2019ofrena floral an el Rei Jaume III que el PSM va suprimir<\/i> \u2014 <i>S\u2019entitat denuncia un atac catalanista a sa Creu des Camp de Sa Batalla, d\u2019on han estat robades ses corones i es rams de flors i on han aparegut flocs grocs, s\u00edmbol des separatisme catal\u00e0<\/i><\/p>\n<p style=\"text-align: justify;\">Sa Fundaci\u00f3 Jaume III ha celebrat un any m\u00e9s sa tradicional ofrena floral \u00a0 an el Rei Jaume III de Mallorca a sa creu des Camp de Sa Batalla, Llucmajor, monument erigit l\u2019any 1949 en homenatge an en Jaume III, rei lleg\u00edtim des Regne de Mallorca, pes 600\u00e8 aniversari des seu assassinat a mans de ses tropes aragoneses i catalanes de Pere IV.<\/p>\n<p style=\"text-align: justify;\">No obstant, Sa Fundaci\u00f3 denuncia un atac catalanista a sa creu del Rei Jaume III dies despr\u00e9s de s\u2019ofrena floral, on es rams de flors i ses corones han estat robades i, en es seu lloc, qualc\u00fa ha posat flocs grocs, s\u00edmbol des separatisme catal\u00e0 en una clara ofensa i falta de respecte an es darrer rei privatiu de ses Illes Balears.<\/p>\n<p><img loading=\"lazy\" decoding=\"async\" class=\"alignnone size-large wp-image-4262\" src=\"https:\/\/safundacio.es\/wp-content\/uploads\/2018\/11\/IMG_0020-min-1024x683.jpg\" alt=\"\" width=\"525\" height=\"350\" srcset=\"https:\/\/safundacio.es\/wp-content\/uploads\/2018\/11\/IMG_0020-min-1024x683.jpg 1024w, https:\/\/safundacio.es\/wp-content\/uploads\/2018\/11\/IMG_0020-min-300x200.jpg 300w, https:\/\/safundacio.es\/wp-content\/uploads\/2018\/11\/IMG_0020-min-768x512.jpg 768w, https:\/\/safundacio.es\/wp-content\/uploads\/2018\/11\/IMG_0020-min-24x16.jpg 24w, https:\/\/safundacio.es\/wp-content\/uploads\/2018\/11\/IMG_0020-min-36x24.jpg 36w, https:\/\/safundacio.es\/wp-content\/uploads\/2018\/11\/IMG_0020-min-48x32.jpg 48w, https:\/\/safundacio.es\/wp-content\/uploads\/2018\/11\/IMG_0020-min.jpg 1200w\" sizes=\"(max-width: 525px) 100vw, 525px\" \/>Tal com va recordar fa dos anys Sebasti\u00e0 Urbina, pr<span style=\"font-size: 1rem;\">ofessor em\u00e8rit de sa UIB, \u201cs\u2019efem\u00e8ride des 25 d\u2019octubre que honra a qui va esser un bon rei no sempre ha estat silenciada per ses nostres institucions. Aquesta commemoraci\u00f3 se va fer oficial l\u2019any 1974 participant tots ets ajuntaments de Mallorca, amb una missa a la Seu concelebrada pes bisbes de Mallorca, Menorca, Eivissa i Montpeller, antics territoris de sa Corona de Mallorca. Lamentablement, despr\u00e9s de sa Transici\u00f3, pressions nacionalistes, pancatalanistes, varen for\u00e7ar sa supressi\u00f3 d\u2019aquesta commemoraci\u00f3. No els interessava, ni els interessa recordar s\u2019exist\u00e8ncia d\u2019un<\/span><span style=\"font-size: 1rem;\">Regne de Mallorca independent, en brega contra ses inger\u00e8ncies de sa Corona d\u2019Arag\u00f3 i, sobretot, contra ses inger\u00e8ncies des com<\/span><span style=\"font-size: 1rem;\">tats catalans. Avui som aqu\u00ed per commemorar un des fets hist\u00f2rics que han anat forjant s\u2019identitat cultural de Balears. Igual que varen fer altres organisacions culturals en es passat, noltros agafam e<\/span><span style=\"font-size: 1rem;\">s testimoni com si s\u2019estendard del rei Jaume III se tract\u00e0s, per salvaguardar sa vertadera hist\u00f2ria de Balears\u201d.<\/span><\/p>\n<p style=\"text-align: justify;\"><img loading=\"lazy\" decoding=\"async\" class=\"alignnone size-large wp-image-4263\" style=\"font-size: 1rem;\" src=\"https:\/\/safundacio.es\/wp-content\/uploads\/2018\/11\/IMG_0012-min-1024x683.jpg\" alt=\"\" width=\"525\" height=\"350\" srcset=\"https:\/\/safundacio.es\/wp-content\/uploads\/2018\/11\/IMG_0012-min-1024x683.jpg 1024w, https:\/\/safundacio.es\/wp-content\/uploads\/2018\/11\/IMG_0012-min-300x200.jpg 300w, https:\/\/safundacio.es\/wp-content\/uploads\/2018\/11\/IMG_0012-min-768x512.jpg 768w, https:\/\/safundacio.es\/wp-content\/uploads\/2018\/11\/IMG_0012-min-24x16.jpg 24w, https:\/\/safundacio.es\/wp-content\/uploads\/2018\/11\/IMG_0012-min-36x24.jpg 36w, https:\/\/safundacio.es\/wp-content\/uploads\/2018\/11\/IMG_0012-min-48x32.jpg 48w, https:\/\/safundacio.es\/wp-content\/uploads\/2018\/11\/IMG_0012-min.jpg 1200w\" sizes=\"(max-width: 525px) 100vw, 525px\" \/>Davant s\u2019indifer\u00e8ncia de s\u2019equip de govern des consistori llucmajorer,\u00a0 Sa Fundaci\u00f3 s\u2019ha assegurat de sa netetja i retirada des pl\u00e0stics grocs de sa creu, i ha aprofitat per exigir a s\u2019Ajuntament de Llucmajor i an es Consell de Mallorca sa restituci\u00f3 oficial de s\u2019ofrena floral an el Rei Jaume III de Mallorca que el PSM va suprimir. Igual que han fet suprimint es Dia de Mallorca i s\u2019ofrena des 12 de setembre a Jaume II. Ja que com va dir Sebasti\u00e0 Urbina, no els interessa recordar sa vertadera hist\u00f2ria des Regne de Mallorca independent, sempre en brega contra ses inger\u00e8ncies de sa Corona d\u2019Arag\u00f3 i especialment des comtats catalans.<\/p>\n","protected":false},"excerpt":{"rendered":"<p>Sa Fundaci\u00f3 exigeix a s\u2019Ajuntament de Llucmajor i an es Consell de Mallorca sa restituci\u00f3 oficial de s\u2019ofrena floral an el Rei Jaume III que el PSM va suprimir \u2014 S\u2019entitat denuncia un atac catalanista a sa Creu des Camp de Sa Batalla, d\u2019on han estat robades ses corones i es rams de flors i &hellip; <\/p>\n<p class=\"link-more\"><a href=\"https:\/\/safundacio.es\/es\/comunicacio\/sa-fundacio-jaume-iii-denuncia-un-atac-catalanista-a-sa-creu-del-rei-jaume-iii-a-llucmajor\/\" class=\"more-link\">Continue reading<span class=\"screen-reader-text\"> &#8220;Sa Fundaci\u00f3 Jaume III denuncia un atac catalanista a sa creu del Rei Jaume III a Llucmajor&#8221;<\/span><\/a><\/p>\n","protected":false},"author":8,"featured_media":4260,"comment_status":"open","ping_status":"open","sticky":false,"template":"","format":"standard","meta":{"footnotes":""},"categories":[18,24],"tags":[54,49],"class_list":["post-4259","post","type-post","status-publish","format-standard","has-post-thumbnail","hentry","category-comunicacio","category-premsa","tag-illesbalears","tag-safundacio"],"_links":{"self":[{"href":"https:\/\/safundacio.es\/es\/wp-json\/wp\/v2\/posts\/4259"}],"collection":[{"href":"https:\/\/safundacio.es\/es\/wp-json\/wp\/v2\/posts"}],"about":[{"href":"https:\/\/safundacio.es\/es\/wp-json\/wp\/v2\/types\/post"}],"author":[{"embeddable":true,"href":"https:\/\/safundacio.es\/es\/wp-json\/wp\/v2\/users\/8"}],"replies":[{"embeddable":true,"href":"https:\/\/safundacio.es\/es\/wp-json\/wp\/v2\/comments?post=4259"}],"version-history":[{"count":0,"href":"https:\/\/safundacio.es\/es\/wp-json\/wp\/v2\/posts\/4259\/revisions"}],"wp:featuredmedia":[{"embeddable":true,"href":"https:\/\/safundacio.es\/es\/wp-json\/wp\/v2\/media\/4260"}],"wp:attachment":[{"href":"https:\/\/safundacio.es\/es\/wp-json\/wp\/v2\/media?parent=4259"}],"wp:term":[{"taxonomy":"category","embeddable":true,"href":"https:\/\/safundacio.es\/es\/wp-json\/wp\/v2\/categories?post=4259"},{"taxonomy":"post_tag","embeddable":true,"href":"https:\/\/safundacio.es\/es\/wp-json\/wp\/v2\/tags?post=4259"}],"curies":[{"name":"wp","href":"https:\/\/api.w.org\/{rel}","templated":true}]}}