{"id":4248,"date":"2018-10-27T18:06:29","date_gmt":"2018-10-27T16:06:29","guid":{"rendered":"https:\/\/safundacio.es\/?p=4248"},"modified":"2018-11-05T08:14:07","modified_gmt":"2018-11-05T07:14:07","slug":"es-mallorquinisme-desperta-sa-fundacio-jaume-iii-umpl-son-amar-amb-prop-de-700-persones-pes-seu-v-aniversari","status":"publish","type":"post","link":"https:\/\/safundacio.es\/es\/comunicacio\/es-mallorquinisme-desperta-sa-fundacio-jaume-iii-umpl-son-amar-amb-prop-de-700-persones-pes-seu-v-aniversari\/","title":{"rendered":"Es mallorquinisme desperta. Sa Fundaci\u00f3 Jaume III umpl Son Amar amb prop de 700 persones pes seu V aniversari"},"content":{"rendered":"<p><em><img loading=\"lazy\" decoding=\"async\" class=\"alignnone size-large wp-image-4251\" src=\"https:\/\/safundacio.es\/wp-content\/uploads\/2018\/10\/DSC_0305-min-1024x681.jpg\" alt=\"\" width=\"525\" height=\"349\" srcset=\"https:\/\/safundacio.es\/wp-content\/uploads\/2018\/10\/DSC_0305-min-1024x681.jpg 1024w, https:\/\/safundacio.es\/wp-content\/uploads\/2018\/10\/DSC_0305-min-300x200.jpg 300w, https:\/\/safundacio.es\/wp-content\/uploads\/2018\/10\/DSC_0305-min-768x511.jpg 768w, https:\/\/safundacio.es\/wp-content\/uploads\/2018\/10\/DSC_0305-min-24x16.jpg 24w, https:\/\/safundacio.es\/wp-content\/uploads\/2018\/10\/DSC_0305-min-36x24.jpg 36w, https:\/\/safundacio.es\/wp-content\/uploads\/2018\/10\/DSC_0305-min-48x32.jpg 48w, https:\/\/safundacio.es\/wp-content\/uploads\/2018\/10\/DSC_0305-min.jpg 1200w\" sizes=\"(max-width: 525px) 100vw, 525px\" \/><img loading=\"lazy\" decoding=\"async\" class=\"alignnone size-large wp-image-4252\" src=\"https:\/\/safundacio.es\/wp-content\/uploads\/2018\/10\/DSC_0273-min-1024x681.jpg\" alt=\"\" width=\"525\" height=\"349\" srcset=\"https:\/\/safundacio.es\/wp-content\/uploads\/2018\/10\/DSC_0273-min-1024x681.jpg 1024w, https:\/\/safundacio.es\/wp-content\/uploads\/2018\/10\/DSC_0273-min-300x200.jpg 300w, https:\/\/safundacio.es\/wp-content\/uploads\/2018\/10\/DSC_0273-min-768x511.jpg 768w, https:\/\/safundacio.es\/wp-content\/uploads\/2018\/10\/DSC_0273-min-24x16.jpg 24w, https:\/\/safundacio.es\/wp-content\/uploads\/2018\/10\/DSC_0273-min-36x24.jpg 36w, https:\/\/safundacio.es\/wp-content\/uploads\/2018\/10\/DSC_0273-min-48x32.jpg 48w, https:\/\/safundacio.es\/wp-content\/uploads\/2018\/10\/DSC_0273-min.jpg 1200w\" sizes=\"(max-width: 525px) 100vw, 525px\" \/><img loading=\"lazy\" decoding=\"async\" class=\"alignnone size-large wp-image-4253\" src=\"https:\/\/safundacio.es\/wp-content\/uploads\/2018\/10\/DSC_0417-min-1024x683.jpg\" alt=\"\" width=\"525\" height=\"350\" srcset=\"https:\/\/safundacio.es\/wp-content\/uploads\/2018\/10\/DSC_0417-min-1024x683.jpg 1024w, https:\/\/safundacio.es\/wp-content\/uploads\/2018\/10\/DSC_0417-min-300x200.jpg 300w, https:\/\/safundacio.es\/wp-content\/uploads\/2018\/10\/DSC_0417-min-768x512.jpg 768w, https:\/\/safundacio.es\/wp-content\/uploads\/2018\/10\/DSC_0417-min-24x16.jpg 24w, https:\/\/safundacio.es\/wp-content\/uploads\/2018\/10\/DSC_0417-min-36x24.jpg 36w, https:\/\/safundacio.es\/wp-content\/uploads\/2018\/10\/DSC_0417-min-48x32.jpg 48w, https:\/\/safundacio.es\/wp-content\/uploads\/2018\/10\/DSC_0417-min.jpg 1200w\" sizes=\"(max-width: 525px) 100vw, 525px\" \/><img loading=\"lazy\" decoding=\"async\" class=\"alignnone size-large wp-image-4254\" src=\"https:\/\/safundacio.es\/wp-content\/uploads\/2018\/10\/DSC_0408-min-1024x681.jpg\" alt=\"\" width=\"525\" height=\"349\" srcset=\"https:\/\/safundacio.es\/wp-content\/uploads\/2018\/10\/DSC_0408-min-1024x681.jpg 1024w, https:\/\/safundacio.es\/wp-content\/uploads\/2018\/10\/DSC_0408-min-300x200.jpg 300w, https:\/\/safundacio.es\/wp-content\/uploads\/2018\/10\/DSC_0408-min-768x511.jpg 768w, https:\/\/safundacio.es\/wp-content\/uploads\/2018\/10\/DSC_0408-min-24x16.jpg 24w, https:\/\/safundacio.es\/wp-content\/uploads\/2018\/10\/DSC_0408-min-36x24.jpg 36w, https:\/\/safundacio.es\/wp-content\/uploads\/2018\/10\/DSC_0408-min-48x32.jpg 48w, https:\/\/safundacio.es\/wp-content\/uploads\/2018\/10\/DSC_0408-min.jpg 1200w\" sizes=\"(max-width: 525px) 100vw, 525px\" \/>Sa Fundaci\u00f3 fa una demostraci\u00f3 de for\u00e7a erigint-se com a referent des mallorquinisme i d\u00f3na un toc d\u2019atenci\u00f3 a sa classe pol\u00edtica perqu\u00e8 protegesqui ses modalitats insulars <\/em>\u2014 <em>Toni Cantarellas Pascual guanya es III Premi Gabriel Maura<\/em><\/p>\n<p>Sa Fundaci\u00f3 Jaume III de ses Illes Balears celebr\u00e0 ahir divendres 26 d\u2019octubre sa Gala des III Premi Gabriel Maura de relats breus en mallorqu\u00ed i es sopar de V aniversari de s\u2019entitat.<\/p>\n<p>En una demostraci\u00f3 de for\u00e7a de Sa Fundaci\u00f3, prop de 700 persones, entre elles personalitats i autoritats rellevants des m\u00f3n pol\u00edtic, empresarial i social de ses Illes Balears, aix\u00ed com representants d\u2019entitats de sa societat civil umpliren Son Amar de gom a gom.<\/p>\n<p>Es guanyador d\u2019aquesta tercera edici\u00f3 des Premi Gabriel Maura ha estat Toni Cantarellas Pascual, hist\u00f2ric activista mallorquinista i editor de sa revista Toc-Toc, amb s\u2019obra \u201c<em>Bunyolets verds de s\u2019end\u00edvia<\/em>\u201d, dotat amb 1.500\u20ac i patrocinat per Finca Comassema. Es segon premi, dotat en 500\u20ac i patrocinat per Finca Tagamanent, ha estat per s\u2019escriptor Gabriel Carbonell Sastre amb s\u2019obra \u201c<em>Rondaia d\u2019en Jordi Estelat<\/em>\u201d, autor d\u2019obres en catal\u00e0 com <em>El manuscrit hargraves <\/em>o <em>El guaita de la palomera<\/em>, Premi Baltasar Porcel Vila d\u2019Andratx 2008. Es tercer premi ha caigut en s\u2019empresari i escriptor llucmajorer Jaume Salv\u00e0 Oliver \u201cPel\u00edn\u201d amb s\u2019obra \u201c<em>Es senyors mai s\u2019embruten ses mans<\/em>\u201d, col\u00b7laborador de s\u2019Arenal Unit i premiat com \u201cS\u2019Arenaler de l\u2019any 2017\u201d.<\/p>\n<p>Sa Fundaci\u00f3 tamb\u00e9 ha distingit an es Museu d\u2019Arts Decoratives de Mallorca &#8211; Fundaci\u00f3n Tocino Pons per sa promoci\u00f3 de sa cultura i arrels mallorquines sense ajudes p\u00fabliques; a s\u2019Associaci\u00f3 de Ve\u00efnats des Born des Molinar per promoure es mallorqu\u00ed amb sos cursos de llengua a sa segona i tercera edat; i a Juan Jos\u00e9 (Tito) Clar Vidal, autor de diverses obres en defensa de sa vertadera hist\u00f2ria de Mallorca i sa seva llengua.<\/p>\n<p><strong>Sa Gala des III Premi Gabriel Maura dedicada a ses v\u00edctimes de Sant Lloren\u00e7 des Cardassar<\/strong><\/p>\n<p>Sa vicepresidenta de Sa Fundaci\u00f3 i presidenta des Jurat, s\u2019ex-senadora Gari Duran, ha dedicat sa Gala des III Premi Gabriel Maura a ses v\u00edctimes de Sant Lloren\u00e7 des Cardassar, obtenguent una gran ovaci\u00f3 des p\u00fablic. Duran ha destacat que \u201cSa Fundaci\u00f3, amb so Premi Gabriel Maura, ha demostrat que \u00e9s possible escriure, expressar-se, comunicar-se, viure plenament en mallorqu\u00ed\u201d.<\/p>\n<p><strong>Estam en contra de sa suplantaci\u00f3 des mallorqu\u00ed per un catal\u00e0 macarr\u00f2nic que no xerren ni a Catalunya<\/strong><\/p>\n<p>Es vicepresident i director de Sa Fundaci\u00f3, Joan Pons, ha fet homenatge a D. Pep Zaforteza, president d\u2019honor de sa Jaume III i autor de ses cartes firmades baix es pseud\u00f2nim d\u2019en Pep Gonella a l\u2019any 1972 on comen\u00e7\u00e0 a defensar ses varietats insulars davant s\u2019imposici\u00f3 de ses formes catalanes. Pons ha clamat que \u201ces mallorquins no estam en contra de s\u2019unitat ling\u00fc\u00edstica entre balears, valencians, catalans i occitans. Estam en contra de sa suplantaci\u00f3 des mallorqu\u00ed per un catal\u00e0 macarr\u00f2nic que no xerren ni a Catalunya\u201d.<\/p>\n<p><strong>Es mallorquins no acceptarem que es pol\u00edtics facin m\u00e9s sa farina blana amb sa defensa des mallorqu\u00ed<\/strong><\/p>\n<p><strong>\u00a0<\/strong>Es president de sa Fundaci\u00f3 Jaume III, D. Fernando Fortuny Salas, ha estat s\u2019encarregat de tancar s\u2019acte de V aniversari de s\u2019entitat. Amb un discurs molt reivindicatiu, Fortuny ha advertit a sa classe pol\u00edtica que \u201ces mallorquins estam farts i no acceptarem que es pol\u00edtics facin m\u00e9s sa farina blana amb sa defensa des mallorqu\u00ed. Volem un comprom\u00eds p\u00fablic des partits pol\u00edtics per formalisar ses nostres modalitats insulars, s\u2019article salat, ses nostres expressions i caracter\u00edstiques ling\u00fc\u00edstiques. Es mallorquinisme ha despertat i ja no aguantar\u00e0 m\u00e9s promeses incomplides\u201d.<\/p>\n<p><strong>Pres<\/strong><strong>\u00e8<\/strong><strong>ncia de persones rellevants dins s<\/strong><strong>\u2019\u00e0mbit social, econ<\/strong><strong>\u00f2mic, civil i pol\u00edtic de <\/strong><strong>ses <\/strong><strong>Balears<\/strong><\/p>\n<p><img loading=\"lazy\" decoding=\"async\" class=\"alignnone size-large wp-image-4249\" src=\"https:\/\/safundacio.es\/wp-content\/uploads\/2018\/10\/DSC_0394-min-1024x683.jpg\" alt=\"\" width=\"525\" height=\"350\" srcset=\"https:\/\/safundacio.es\/wp-content\/uploads\/2018\/10\/DSC_0394-min-1024x683.jpg 1024w, https:\/\/safundacio.es\/wp-content\/uploads\/2018\/10\/DSC_0394-min-300x200.jpg 300w, https:\/\/safundacio.es\/wp-content\/uploads\/2018\/10\/DSC_0394-min-768x512.jpg 768w, https:\/\/safundacio.es\/wp-content\/uploads\/2018\/10\/DSC_0394-min-24x16.jpg 24w, https:\/\/safundacio.es\/wp-content\/uploads\/2018\/10\/DSC_0394-min-36x24.jpg 36w, https:\/\/safundacio.es\/wp-content\/uploads\/2018\/10\/DSC_0394-min-48x32.jpg 48w, https:\/\/safundacio.es\/wp-content\/uploads\/2018\/10\/DSC_0394-min.jpg 1200w\" sizes=\"(max-width: 525px) 100vw, 525px\" \/>Vet aqu\u00ed ses personalitats que han assistit an es V aniversari de Sa Fundaci\u00f3.<\/p>\n<p>\u2013 Fernando Navarro (diputat nacional), Xavier Pericay i Olga Ballester (diputats auton\u00f2mics de Ciutadans)<br \/>\n\u2013 Maria Salom (ex-delegada des Govern), Toni Fuster (secretari general des Partit Popular de Balears), Fernando Rubio (regidor des PP a Cort), Jos\u00e9 Manuel Ruiz (president PP Calvi\u00e0), Marga Vicen\u00e7 (presidenta NNGG Illes Balears), Marc \u00c1lvarez (secretari NNGG Illes Balears), Rafael Lillo (membre directiva NNGG Illes Balears), Lloren\u00e7 Suau (ex-batle d\u2019Andratx), Ramon Oliver (ex-batle de Palmanyola)<br \/>\n\u2013 Sara Oliver (ex-regidora EL PI de Llorito, ara independent)<br \/>\n\u2013 Maria Mesquida (coordinadora d\u2019UPyD a Balears)<br \/>\n<strong>\u2013\u00a0<\/strong>Carlos Zayas (ex diputat nacional des PSOE), Gaspar Sabater (president des C\u00edrculo de Bellas Artes de Palma de Mallorca) Rom\u00e1n Pi\u00f1a Homs (catedr\u00e0tic d\u2019Hist\u00f2ria des Dret i professor em\u00e8rit de sa UIB), Rom\u00e1n Pi\u00f1a Valls (escriptor), \u00c1lvaro Delgado Truyols (notari i vicepresident de Societat Civil Balear), Tomeu Berga Pic\u00f3 (president de Societat Civil Balear), Gabriel Buades Fuster (escriptor).<br \/>\n\u2013 Fernando Alzamora (ex-president de Sa Nostra), empresaris com Guillem Sampol, Pau Mora Rossell\u00f3 (vibrats Mora Rossell\u00f3), T\u00f2fol Rossell\u00f3 (Olives Rossell\u00f3), Sebasti\u00e0 Jaume Mu\u00f1oz-Maldonado, Joan Bibiloni (Finca Tagamanent), Toni Aloy (Ca n\u2019Eduardo), Jordi Horrach (GGV Hotels) o Toni Burguera (Mallorcan Properties Agency).<\/p>\n<p>&nbsp;<\/p>\n<p><em>Palma de Mallorca, <\/em><em>27 d<\/em><em>\u2019octubre de 2018<\/em><\/p>\n<p>&nbsp;<\/p>\n<p>Ecos de premsa:<\/p>\n<p>https:\/\/www.mallorcadiario.com\/unas-700-personas-celebran-el-v-aniversario-de-sa-fundacio-jaume-iii<\/p>\n<p>https:\/\/mallorcaconfidencial.com\/2018-10-27-sa-fundacio-consigue-reunir-cerca-700-personas-v-aniversario<\/p>\n<p>&nbsp;<\/p>\n","protected":false},"excerpt":{"rendered":"<p>Sa Fundaci\u00f3 fa una demostraci\u00f3 de for\u00e7a erigint-se com a referent des mallorquinisme i d\u00f3na un toc d\u2019atenci\u00f3 a sa classe pol\u00edtica perqu\u00e8 protegesqui ses modalitats insulars \u2014 Toni Cantarellas Pascual guanya es III Premi Gabriel Maura Sa Fundaci\u00f3 Jaume III de ses Illes Balears celebr\u00e0 ahir divendres 26 d\u2019octubre sa Gala des III Premi &hellip; <\/p>\n<p class=\"link-more\"><a href=\"https:\/\/safundacio.es\/es\/comunicacio\/es-mallorquinisme-desperta-sa-fundacio-jaume-iii-umpl-son-amar-amb-prop-de-700-persones-pes-seu-v-aniversari\/\" class=\"more-link\">Continue reading<span class=\"screen-reader-text\"> &#8220;Es mallorquinisme desperta. Sa Fundaci\u00f3 Jaume III umpl Son Amar amb prop de 700 persones pes seu V aniversari&#8221;<\/span><\/a><\/p>\n","protected":false},"author":8,"featured_media":4249,"comment_status":"open","ping_status":"open","sticky":false,"template":"","format":"standard","meta":{"footnotes":""},"categories":[18,24],"tags":[119,122,77,53,54,59,99,49],"class_list":["post-4248","post","type-post","status-publish","format-standard","has-post-thumbnail","hentry","category-comunicacio","category-premsa","tag-culturabalear","tag-iiipremigabrielmaura","tag-balearisme","tag-estimamlonostro","tag-illesbalears","tag-mallorqui","tag-mallorquinisme","tag-safundacio"],"_links":{"self":[{"href":"https:\/\/safundacio.es\/es\/wp-json\/wp\/v2\/posts\/4248"}],"collection":[{"href":"https:\/\/safundacio.es\/es\/wp-json\/wp\/v2\/posts"}],"about":[{"href":"https:\/\/safundacio.es\/es\/wp-json\/wp\/v2\/types\/post"}],"author":[{"embeddable":true,"href":"https:\/\/safundacio.es\/es\/wp-json\/wp\/v2\/users\/8"}],"replies":[{"embeddable":true,"href":"https:\/\/safundacio.es\/es\/wp-json\/wp\/v2\/comments?post=4248"}],"version-history":[{"count":0,"href":"https:\/\/safundacio.es\/es\/wp-json\/wp\/v2\/posts\/4248\/revisions"}],"wp:featuredmedia":[{"embeddable":true,"href":"https:\/\/safundacio.es\/es\/wp-json\/wp\/v2\/media\/4249"}],"wp:attachment":[{"href":"https:\/\/safundacio.es\/es\/wp-json\/wp\/v2\/media?parent=4248"}],"wp:term":[{"taxonomy":"category","embeddable":true,"href":"https:\/\/safundacio.es\/es\/wp-json\/wp\/v2\/categories?post=4248"},{"taxonomy":"post_tag","embeddable":true,"href":"https:\/\/safundacio.es\/es\/wp-json\/wp\/v2\/tags?post=4248"}],"curies":[{"name":"wp","href":"https:\/\/api.w.org\/{rel}","templated":true}]}}